{"id":87210,"date":"2025-10-16T11:01:11","date_gmt":"2025-10-16T09:01:11","guid":{"rendered":"https:\/\/activeluxe-cosmetics.com\/rs\/?p=87210"},"modified":"2025-10-16T11:01:12","modified_gmt":"2025-10-16T09:01:12","slug":"gusca-jaca-i-sjajna-kosa-kada-nega-postane-razmazenost","status":"publish","type":"post","link":"https:\/\/activeluxe-cosmetics.com\/rs\/2025\/10\/16\/gusca-jaca-i-sjajna-kosa-kada-nega-postane-razmazenost\/","title":{"rendered":"Gu\u0161\u0107a, ja\u010da i sjajna kosa &#8211; kada nega postane razma\u017eenost"},"content":{"rendered":"\n<p>Svaki dan mo\u017ee biti dobar dan za va\u0161u kosu \u2014 ako se o njoj pravilno brinete! Stres, hormonske promene, sezonski gubitak kose ili jednostavno umorno teme mogu brzo uzeti svoj danak: manje volumena, manje sjaja i vi\u0161e dlaka na \u010detki nego \u0161to biste \u017eeleli. Ali re\u0161enje je bli\u017ee nego \u0161to mislite \u2014 po\u010dinje bukvalno u korenu kose.<br><br>Zato je Active Luxe Hair Growth \u0161ampon postao popularan saveznik za svakoga ko \u017eeli da vrati snagu, ja\u010dinu i \u017eivot svojoj kosi. <\/p>\n\n\n\n<figure class=\"wp-block-image size-large is-resized\"><img loading=\"lazy\" decoding=\"async\" width=\"819\" height=\"1024\" src=\"https:\/\/activeluxe-cosmetics.com\/rs\/wp-content\/uploads\/2025\/10\/sampon-za-rast-las-819x1024.png\" alt=\"\" class=\"wp-image-87211\" style=\"width:443px;height:auto\" srcset=\"https:\/\/activeluxe-cosmetics.com\/rs\/wp-content\/uploads\/2025\/10\/sampon-za-rast-las-819x1024.png 819w, https:\/\/activeluxe-cosmetics.com\/rs\/wp-content\/uploads\/2025\/10\/sampon-za-rast-las-460x575.png 460w, https:\/\/activeluxe-cosmetics.com\/rs\/wp-content\/uploads\/2025\/10\/sampon-za-rast-las-768x960.png 768w, https:\/\/activeluxe-cosmetics.com\/rs\/wp-content\/uploads\/2025\/10\/sampon-za-rast-las-600x750.png 600w, https:\/\/activeluxe-cosmetics.com\/rs\/wp-content\/uploads\/2025\/10\/sampon-za-rast-las.png 1080w\" sizes=\"auto, (max-width: 819px) 100vw, 819px\" \/><\/figure>\n\n\n\n<p><\/p>\n\n\n\n<h5 class=\"wp-block-heading\"><strong>Kada je kosi potreban novi po\u010detak<\/strong><\/h5>\n\n\n\n<p><br><strong>Kosa nije samo deo va\u0161eg izgleda \u2013 ona je odraz va\u0161e ravnote\u017ee, zdravlja i samopouzdanja. Kada primetite da vam se kosa prore\u0111uje ili gubi vi\u0161e kose nego obi\u010dno, prvi korak je pravilna nega. Active Luxe \u0161ampon je dizajniran da stimuli\u0161e prirodni rast kose, oja\u010da koren i pomogne u smanjenju gubitka kose bez optere\u0107enja ko\u017ee glave.<\/strong><br><br>Redovnom upotrebom, va\u0161a kosa postepeno postaje ja\u010da, gu\u0161\u0107a i vidljivo zdravija. Va\u0161a ko\u017ea glave postaje sve\u017ea, \u010dista i uravnote\u017eena \u2013 savr\u0161ena osnova za rast nove, zdrave kose.<\/p>\n\n\n\n<h5 class=\"wp-block-heading\"><br><br>Ne\u017ena, ali efikasna nega<\/h5>\n\n\n\n<p><br><strong>Active Luxe \u0161ampon je dizajniran imaju\u0107i u vidu dubinsku negu: ne\u017ean, ali efikasan<\/strong>. Prilikom pranja stvara meku, kremastu penu koja temeljno \u010disti va\u0161u kosu bez isu\u0161ivanja. Svako pranje postaje trenutak opu\u0161tanja \u2013 miris, ose\u0107aj sve\u017eine i meka kosa koja se lako \u010de\u0161lja stvaraju pravi ose\u0107aj razma\u017eenosti.<\/p>\n\n\n\n<figure class=\"wp-block-image size-full is-resized\"><img loading=\"lazy\" decoding=\"async\" width=\"581\" height=\"744\" src=\"https:\/\/activeluxe-cosmetics.com\/rs\/wp-content\/uploads\/2025\/10\/cistilni_sampon_brez_sulfatov.jpg\" alt=\"\" class=\"wp-image-87212\" style=\"width:412px;height:auto\" srcset=\"https:\/\/activeluxe-cosmetics.com\/rs\/wp-content\/uploads\/2025\/10\/cistilni_sampon_brez_sulfatov.jpg 581w, https:\/\/activeluxe-cosmetics.com\/rs\/wp-content\/uploads\/2025\/10\/cistilni_sampon_brez_sulfatov-460x589.jpg 460w\" sizes=\"auto, (max-width: 581px) 100vw, 581px\" \/><\/figure>\n\n\n\n<p><\/p>\n\n\n\n<p>Kada se kosa redovno neguje, ona vam se zahvali zdravim izgledom. Prvi rezultati su vidljivi ve\u0107 posle nekoliko nedelja, a <strong>puni efekti posle 4-6 nedelja redovne upotrebe<\/strong>. Korisnici o \u0161amponu:<br><br>&#8211; manje opadanja kose,<br>&#8211; ve\u0107a gustina i puniji izgled frizure,<br>&#8211; mek\u0161a i sjajnija kosa,<br>&#8211; i ose\u0107aj \u010distog, umirenog vlasi\u0161ta.<\/p>\n\n\n\n<h5 class=\"wp-block-heading\"><br><\/h5>\n\n\n\n<h5 class=\"wp-block-heading\">Ritual koji kosa voli<\/h5>\n\n\n\n<p><br>Za najbolji efekat, preporu\u010dujemo nano\u0161enje \u0161ampona na mokru kosu i ne\u017eno masiranje u vlasi\u0161te. Koristite kru\u017ene pokrete da biste stimulisali cirkulaciju krvi &#8211; ovo je mali, ali izuzetno va\u017ean korak, jer poma\u017ee u aktiviranju korena kose. Nakon kratkog perioda delovanja, temeljno isperite \u0161ampon i nastavite sa negom po va\u0161em izboru. <strong>Najbolje rezultate \u0107ete primetiti kada se koristi 2-3 puta nedeljno<\/strong>. Active Luxe \u0161ampon je <strong>pogodan za sve tipove kose &#8211; za \u017eene i mu\u0161karce<\/strong>. Njegova tekstura i miris pru\u017eaju prijatno, opu\u0161taju\u0107e iskustvo, a kosa je nakon pranja ostaje sve\u017ea, lagana i puna volumena.<br><br>Ovo nije samo \u0161ampon, ve\u0107 korak ka povratku samopouzdanja koji po\u010dinje sa va\u0161om kosom.<\/p>\n\n\n\n<p><\/p>\n\n\n\n<figure class=\"wp-block-image size-large is-resized\"><img loading=\"lazy\" decoding=\"async\" width=\"819\" height=\"1024\" src=\"https:\/\/activeluxe-cosmetics.com\/rs\/wp-content\/uploads\/2025\/10\/sampon_za_rast_las_iva-819x1024.png\" alt=\"\" class=\"wp-image-87213\" style=\"width:446px;height:auto\" srcset=\"https:\/\/activeluxe-cosmetics.com\/rs\/wp-content\/uploads\/2025\/10\/sampon_za_rast_las_iva-819x1024.png 819w, https:\/\/activeluxe-cosmetics.com\/rs\/wp-content\/uploads\/2025\/10\/sampon_za_rast_las_iva-460x575.png 460w, https:\/\/activeluxe-cosmetics.com\/rs\/wp-content\/uploads\/2025\/10\/sampon_za_rast_las_iva-768x960.png 768w, https:\/\/activeluxe-cosmetics.com\/rs\/wp-content\/uploads\/2025\/10\/sampon_za_rast_las_iva-600x750.png 600w, https:\/\/activeluxe-cosmetics.com\/rs\/wp-content\/uploads\/2025\/10\/sampon_za_rast_las_iva.png 1080w\" sizes=\"auto, (max-width: 819px) 100vw, 819px\" \/><\/figure>\n\n\n\n<p><\/p>\n\n\n\n<h5 class=\"wp-block-heading\">Dozvolite svojoj kosi da ponovo zablista u svoj svojoj punoj snazi<\/h5>\n\n\n\n<p><br>Ako \u017eelite da va\u0161a <strong>kosa ponovo zablista u svoj svojoj snazi, otkrijte Active Luxe \u0161ampon za aktivan rast<\/strong> i protiv gubitka kose:<\/p>\n\n\n\n<p>Jer zdrava, jaka kosa nije samo lepa &#8211; ona \u200b\u200bje izraz unutra\u0161nje snage, nege i ravnote\u017ee.<\/p>\n\n\n\n<p><\/p>\n\n\n\n<figure class=\"wp-block-embed is-type-wp-embed is-provider-active-luxe-cosmetics wp-block-embed-active-luxe-cosmetics\"><div class=\"wp-block-embed__wrapper\">\n<blockquote class=\"wp-embedded-content\" data-secret=\"g8fpemdhDz\"><a href=\"https:\/\/activeluxe-cosmetics.com\/rs\/izdelek\/sampon-protiv-opadanja-kose\/\">\u0160ampon za aktivni rast i protiv opadanja kose<\/a><\/blockquote><iframe loading=\"lazy\" class=\"wp-embedded-content\" sandbox=\"allow-scripts\" security=\"restricted\" style=\"position: absolute; visibility: hidden;\" title=\"&#8220;\u0160ampon za aktivni rast i protiv opadanja kose&#8221; &#8212; Active Luxe Cosmetics\" src=\"https:\/\/activeluxe-cosmetics.com\/rs\/izdelek\/sampon-protiv-opadanja-kose\/embed\/#?secret=qGuuGAaiMS#?secret=g8fpemdhDz\" data-secret=\"g8fpemdhDz\" width=\"600\" height=\"338\" frameborder=\"0\" marginwidth=\"0\" marginheight=\"0\" scrolling=\"no\"><\/iframe>\n<\/div><\/figure>\n","protected":false},"excerpt":{"rendered":"<p>Svaki dan mo\u017ee biti dobar dan za va\u0161u kosu \u2014 ako se o njoj pravilno brinete! Stres, hormonske promene, sezonski gubitak kose ili jednostavno umorno&#8230;<\/p>\n","protected":false},"author":7,"featured_media":83935,"comment_status":"open","ping_status":"open","sticky":false,"template":"","format":"standard","meta":{"footnotes":""},"categories":[72],"tags":[],"class_list":["post-87210","post","type-post","status-publish","format-standard","has-post-thumbnail","hentry","category-kosa"],"acf":[],"yoast_head":"<!-- This site is optimized with the Yoast SEO plugin v26.5 - https:\/\/yoast.com\/wordpress\/plugins\/seo\/ -->\n<title>Gu\u0161\u0107a, ja\u010da i sjajna kosa - kada nega postane razma\u017eenost - Active Luxe Cosmetics<\/title>\n<meta name=\"robots\" content=\"index, follow, max-snippet:-1, max-image-preview:large, max-video-preview:-1\" \/>\n<link rel=\"canonical\" href=\"https:\/\/activeluxe-cosmetics.com\/rs\/2025\/10\/16\/gusca-jaca-i-sjajna-kosa-kada-nega-postane-razmazenost\/\" \/>\n<meta property=\"og:locale\" content=\"hr_HR\" \/>\n<meta property=\"og:type\" content=\"article\" \/>\n<meta property=\"og:title\" content=\"Gu\u0161\u0107a, ja\u010da i sjajna kosa - kada nega postane razma\u017eenost - Active Luxe Cosmetics\" \/>\n<meta property=\"og:description\" content=\"Svaki dan mo\u017ee biti dobar dan za va\u0161u kosu \u2014 ako se o njoj pravilno brinete! Stres, hormonske promene, sezonski gubitak kose ili jednostavno umorno...\" \/>\n<meta property=\"og:url\" content=\"https:\/\/activeluxe-cosmetics.com\/rs\/2025\/10\/16\/gusca-jaca-i-sjajna-kosa-kada-nega-postane-razmazenost\/\" \/>\n<meta property=\"og:site_name\" content=\"Active Luxe Cosmetics\" \/>\n<meta property=\"article:published_time\" content=\"2025-10-16T09:01:11+00:00\" \/>\n<meta property=\"article:modified_time\" content=\"2025-10-16T09:01:12+00:00\" \/>\n<meta property=\"og:image\" content=\"https:\/\/activeluxe-cosmetics.com\/rs\/wp-content\/uploads\/2024\/11\/HAIRLLINE0138-scaled-1.jpg\" \/>\n\t<meta property=\"og:image:width\" content=\"1707\" \/>\n\t<meta property=\"og:image:height\" content=\"2560\" \/>\n\t<meta property=\"og:image:type\" content=\"image\/jpeg\" \/>\n<meta name=\"author\" content=\"Radmila\" \/>\n<meta name=\"twitter:card\" content=\"summary_large_image\" \/>\n<meta name=\"twitter:label1\" content=\"Napisao\/la\" \/>\n\t<meta name=\"twitter:data1\" content=\"Radmila\" \/>\n\t<meta name=\"twitter:label2\" content=\"Procijenjeno vrijeme \u010ditanja\" \/>\n\t<meta name=\"twitter:data2\" content=\"4 minute\" \/>\n<script type=\"application\/ld+json\" class=\"yoast-schema-graph\">{\"@context\":\"https:\/\/schema.org\",\"@graph\":[{\"@type\":\"WebPage\",\"@id\":\"https:\/\/activeluxe-cosmetics.com\/rs\/2025\/10\/16\/gusca-jaca-i-sjajna-kosa-kada-nega-postane-razmazenost\/\",\"url\":\"https:\/\/activeluxe-cosmetics.com\/rs\/2025\/10\/16\/gusca-jaca-i-sjajna-kosa-kada-nega-postane-razmazenost\/\",\"name\":\"Gu\u0161\u0107a, ja\u010da i sjajna kosa - kada nega postane razma\u017eenost - Active Luxe Cosmetics\",\"isPartOf\":{\"@id\":\"https:\/\/activeluxe-cosmetics.com\/rs\/#website\"},\"primaryImageOfPage\":{\"@id\":\"https:\/\/activeluxe-cosmetics.com\/rs\/2025\/10\/16\/gusca-jaca-i-sjajna-kosa-kada-nega-postane-razmazenost\/#primaryimage\"},\"image\":{\"@id\":\"https:\/\/activeluxe-cosmetics.com\/rs\/2025\/10\/16\/gusca-jaca-i-sjajna-kosa-kada-nega-postane-razmazenost\/#primaryimage\"},\"thumbnailUrl\":\"https:\/\/activeluxe-cosmetics.com\/rs\/wp-content\/uploads\/2024\/11\/HAIRLLINE0138-scaled-1.jpg\",\"datePublished\":\"2025-10-16T09:01:11+00:00\",\"dateModified\":\"2025-10-16T09:01:12+00:00\",\"author\":{\"@id\":\"https:\/\/activeluxe-cosmetics.com\/rs\/#\/schema\/person\/cfcdf8dcc01ef622e84044588216b10e\"},\"breadcrumb\":{\"@id\":\"https:\/\/activeluxe-cosmetics.com\/rs\/2025\/10\/16\/gusca-jaca-i-sjajna-kosa-kada-nega-postane-razmazenost\/#breadcrumb\"},\"inLanguage\":\"hr\",\"potentialAction\":[{\"@type\":\"ReadAction\",\"target\":[\"https:\/\/activeluxe-cosmetics.com\/rs\/2025\/10\/16\/gusca-jaca-i-sjajna-kosa-kada-nega-postane-razmazenost\/\"]}]},{\"@type\":\"ImageObject\",\"inLanguage\":\"hr\",\"@id\":\"https:\/\/activeluxe-cosmetics.com\/rs\/2025\/10\/16\/gusca-jaca-i-sjajna-kosa-kada-nega-postane-razmazenost\/#primaryimage\",\"url\":\"https:\/\/activeluxe-cosmetics.com\/rs\/wp-content\/uploads\/2024\/11\/HAIRLLINE0138-scaled-1.jpg\",\"contentUrl\":\"https:\/\/activeluxe-cosmetics.com\/rs\/wp-content\/uploads\/2024\/11\/HAIRLLINE0138-scaled-1.jpg\",\"width\":1707,\"height\":2560},{\"@type\":\"BreadcrumbList\",\"@id\":\"https:\/\/activeluxe-cosmetics.com\/rs\/2025\/10\/16\/gusca-jaca-i-sjajna-kosa-kada-nega-postane-razmazenost\/#breadcrumb\",\"itemListElement\":[{\"@type\":\"ListItem\",\"position\":1,\"name\":\"Naslovnica\",\"item\":\"https:\/\/activeluxe-cosmetics.com\/rs\/\"},{\"@type\":\"ListItem\",\"position\":2,\"name\":\"Gu\u0161\u0107a, ja\u010da i sjajna kosa &#8211; kada nega postane razma\u017eenost\"}]},{\"@type\":\"WebSite\",\"@id\":\"https:\/\/activeluxe-cosmetics.com\/rs\/#website\",\"url\":\"https:\/\/activeluxe-cosmetics.com\/rs\/\",\"name\":\"Active Luxe Cosmetics\",\"description\":\"\",\"potentialAction\":[{\"@type\":\"SearchAction\",\"target\":{\"@type\":\"EntryPoint\",\"urlTemplate\":\"https:\/\/activeluxe-cosmetics.com\/rs\/?s={search_term_string}\"},\"query-input\":{\"@type\":\"PropertyValueSpecification\",\"valueRequired\":true,\"valueName\":\"search_term_string\"}}],\"inLanguage\":\"hr\"},{\"@type\":\"Person\",\"@id\":\"https:\/\/activeluxe-cosmetics.com\/rs\/#\/schema\/person\/cfcdf8dcc01ef622e84044588216b10e\",\"name\":\"Radmila\",\"image\":{\"@type\":\"ImageObject\",\"inLanguage\":\"hr\",\"@id\":\"https:\/\/activeluxe-cosmetics.com\/rs\/#\/schema\/person\/image\/\",\"url\":\"https:\/\/secure.gravatar.com\/avatar\/175fec096ba678d3c5115ec19f34c117965ef04f286c9be82d1332a022df2617?s=96&d=mm&r=g\",\"contentUrl\":\"https:\/\/secure.gravatar.com\/avatar\/175fec096ba678d3c5115ec19f34c117965ef04f286c9be82d1332a022df2617?s=96&d=mm&r=g\",\"caption\":\"Radmila\"},\"url\":\"https:\/\/activeluxe-cosmetics.com\/rs\/author\/radmila\/\"}]}<\/script>\n<!-- \/ Yoast SEO plugin. -->","yoast_head_json":{"title":"Gu\u0161\u0107a, ja\u010da i sjajna kosa - kada nega postane razma\u017eenost - Active Luxe Cosmetics","robots":{"index":"index","follow":"follow","max-snippet":"max-snippet:-1","max-image-preview":"max-image-preview:large","max-video-preview":"max-video-preview:-1"},"canonical":"https:\/\/activeluxe-cosmetics.com\/rs\/2025\/10\/16\/gusca-jaca-i-sjajna-kosa-kada-nega-postane-razmazenost\/","og_locale":"hr_HR","og_type":"article","og_title":"Gu\u0161\u0107a, ja\u010da i sjajna kosa - kada nega postane razma\u017eenost - Active Luxe Cosmetics","og_description":"Svaki dan mo\u017ee biti dobar dan za va\u0161u kosu \u2014 ako se o njoj pravilno brinete! Stres, hormonske promene, sezonski gubitak kose ili jednostavno umorno...","og_url":"https:\/\/activeluxe-cosmetics.com\/rs\/2025\/10\/16\/gusca-jaca-i-sjajna-kosa-kada-nega-postane-razmazenost\/","og_site_name":"Active Luxe Cosmetics","article_published_time":"2025-10-16T09:01:11+00:00","article_modified_time":"2025-10-16T09:01:12+00:00","og_image":[{"width":1707,"height":2560,"url":"https:\/\/activeluxe-cosmetics.com\/rs\/wp-content\/uploads\/2024\/11\/HAIRLLINE0138-scaled-1.jpg","type":"image\/jpeg"}],"author":"Radmila","twitter_card":"summary_large_image","twitter_misc":{"Napisao\/la":"Radmila","Procijenjeno vrijeme \u010ditanja":"4 minute"},"schema":{"@context":"https:\/\/schema.org","@graph":[{"@type":"WebPage","@id":"https:\/\/activeluxe-cosmetics.com\/rs\/2025\/10\/16\/gusca-jaca-i-sjajna-kosa-kada-nega-postane-razmazenost\/","url":"https:\/\/activeluxe-cosmetics.com\/rs\/2025\/10\/16\/gusca-jaca-i-sjajna-kosa-kada-nega-postane-razmazenost\/","name":"Gu\u0161\u0107a, ja\u010da i sjajna kosa - kada nega postane razma\u017eenost - Active Luxe Cosmetics","isPartOf":{"@id":"https:\/\/activeluxe-cosmetics.com\/rs\/#website"},"primaryImageOfPage":{"@id":"https:\/\/activeluxe-cosmetics.com\/rs\/2025\/10\/16\/gusca-jaca-i-sjajna-kosa-kada-nega-postane-razmazenost\/#primaryimage"},"image":{"@id":"https:\/\/activeluxe-cosmetics.com\/rs\/2025\/10\/16\/gusca-jaca-i-sjajna-kosa-kada-nega-postane-razmazenost\/#primaryimage"},"thumbnailUrl":"https:\/\/activeluxe-cosmetics.com\/rs\/wp-content\/uploads\/2024\/11\/HAIRLLINE0138-scaled-1.jpg","datePublished":"2025-10-16T09:01:11+00:00","dateModified":"2025-10-16T09:01:12+00:00","author":{"@id":"https:\/\/activeluxe-cosmetics.com\/rs\/#\/schema\/person\/cfcdf8dcc01ef622e84044588216b10e"},"breadcrumb":{"@id":"https:\/\/activeluxe-cosmetics.com\/rs\/2025\/10\/16\/gusca-jaca-i-sjajna-kosa-kada-nega-postane-razmazenost\/#breadcrumb"},"inLanguage":"hr","potentialAction":[{"@type":"ReadAction","target":["https:\/\/activeluxe-cosmetics.com\/rs\/2025\/10\/16\/gusca-jaca-i-sjajna-kosa-kada-nega-postane-razmazenost\/"]}]},{"@type":"ImageObject","inLanguage":"hr","@id":"https:\/\/activeluxe-cosmetics.com\/rs\/2025\/10\/16\/gusca-jaca-i-sjajna-kosa-kada-nega-postane-razmazenost\/#primaryimage","url":"https:\/\/activeluxe-cosmetics.com\/rs\/wp-content\/uploads\/2024\/11\/HAIRLLINE0138-scaled-1.jpg","contentUrl":"https:\/\/activeluxe-cosmetics.com\/rs\/wp-content\/uploads\/2024\/11\/HAIRLLINE0138-scaled-1.jpg","width":1707,"height":2560},{"@type":"BreadcrumbList","@id":"https:\/\/activeluxe-cosmetics.com\/rs\/2025\/10\/16\/gusca-jaca-i-sjajna-kosa-kada-nega-postane-razmazenost\/#breadcrumb","itemListElement":[{"@type":"ListItem","position":1,"name":"Naslovnica","item":"https:\/\/activeluxe-cosmetics.com\/rs\/"},{"@type":"ListItem","position":2,"name":"Gu\u0161\u0107a, ja\u010da i sjajna kosa &#8211; kada nega postane razma\u017eenost"}]},{"@type":"WebSite","@id":"https:\/\/activeluxe-cosmetics.com\/rs\/#website","url":"https:\/\/activeluxe-cosmetics.com\/rs\/","name":"Active Luxe Cosmetics","description":"","potentialAction":[{"@type":"SearchAction","target":{"@type":"EntryPoint","urlTemplate":"https:\/\/activeluxe-cosmetics.com\/rs\/?s={search_term_string}"},"query-input":{"@type":"PropertyValueSpecification","valueRequired":true,"valueName":"search_term_string"}}],"inLanguage":"hr"},{"@type":"Person","@id":"https:\/\/activeluxe-cosmetics.com\/rs\/#\/schema\/person\/cfcdf8dcc01ef622e84044588216b10e","name":"Radmila","image":{"@type":"ImageObject","inLanguage":"hr","@id":"https:\/\/activeluxe-cosmetics.com\/rs\/#\/schema\/person\/image\/","url":"https:\/\/secure.gravatar.com\/avatar\/175fec096ba678d3c5115ec19f34c117965ef04f286c9be82d1332a022df2617?s=96&d=mm&r=g","contentUrl":"https:\/\/secure.gravatar.com\/avatar\/175fec096ba678d3c5115ec19f34c117965ef04f286c9be82d1332a022df2617?s=96&d=mm&r=g","caption":"Radmila"},"url":"https:\/\/activeluxe-cosmetics.com\/rs\/author\/radmila\/"}]}},"_links":{"self":[{"href":"https:\/\/activeluxe-cosmetics.com\/rs\/wp-json\/wp\/v2\/posts\/87210","targetHints":{"allow":["GET"]}}],"collection":[{"href":"https:\/\/activeluxe-cosmetics.com\/rs\/wp-json\/wp\/v2\/posts"}],"about":[{"href":"https:\/\/activeluxe-cosmetics.com\/rs\/wp-json\/wp\/v2\/types\/post"}],"author":[{"embeddable":true,"href":"https:\/\/activeluxe-cosmetics.com\/rs\/wp-json\/wp\/v2\/users\/7"}],"replies":[{"embeddable":true,"href":"https:\/\/activeluxe-cosmetics.com\/rs\/wp-json\/wp\/v2\/comments?post=87210"}],"version-history":[{"count":6,"href":"https:\/\/activeluxe-cosmetics.com\/rs\/wp-json\/wp\/v2\/posts\/87210\/revisions"}],"predecessor-version":[{"id":87219,"href":"https:\/\/activeluxe-cosmetics.com\/rs\/wp-json\/wp\/v2\/posts\/87210\/revisions\/87219"}],"wp:featuredmedia":[{"embeddable":true,"href":"https:\/\/activeluxe-cosmetics.com\/rs\/wp-json\/wp\/v2\/media\/83935"}],"wp:attachment":[{"href":"https:\/\/activeluxe-cosmetics.com\/rs\/wp-json\/wp\/v2\/media?parent=87210"}],"wp:term":[{"taxonomy":"category","embeddable":true,"href":"https:\/\/activeluxe-cosmetics.com\/rs\/wp-json\/wp\/v2\/categories?post=87210"},{"taxonomy":"post_tag","embeddable":true,"href":"https:\/\/activeluxe-cosmetics.com\/rs\/wp-json\/wp\/v2\/tags?post=87210"}],"curies":[{"name":"wp","href":"https:\/\/api.w.org\/{rel}","templated":true}]}}