{"id":87161,"date":"2025-10-07T12:34:46","date_gmt":"2025-10-07T10:34:46","guid":{"rendered":"https:\/\/activeluxe-cosmetics.com\/rs\/?p=87161"},"modified":"2025-10-07T12:34:47","modified_gmt":"2025-10-07T10:34:47","slug":"beauty-brunch-u-zagrebu-ekskluzivni-dogadaj-koji-pise-nove-price","status":"publish","type":"post","link":"https:\/\/activeluxe-cosmetics.com\/rs\/2025\/10\/07\/beauty-brunch-u-zagrebu-ekskluzivni-dogadaj-koji-pise-nove-price\/","title":{"rendered":"Beauty Brunch u Zagrebu: ekskluzivni doga\u0111aj koji pi\u0161e nove pri\u010de"},"content":{"rendered":"\n\n\n<p><strong>U prelepom ambijentu u srcu Zagreba, krajem septembra organizovali smo ekskluzivni beauty bran\u010d, gde smo se sastali sa odabranim influenserima, predstavnicima medija i prijateljima brenda Active Luxe Cosmetics. Doga\u0111aj je bio po\u010dast lepoti \u2013 ne samo spolja\u0161njoj, vec\u0301 i onoj koja se manifestuje u saradnji, poverenju i zajedni\u010dkoj viziji.<\/strong><br><br>Bran\u010d je bio prilika da u opu\u0161tenoj atmosferi predstavimo filozofiju na\u0161eg brenda: kvalitet, profesionalizam i efikasnost, koje uvek stavljamo u prvi plan. Sa zadovoljstvom smo svim okupljenima predstavili na\u0161u pri\u010du \u2013 kako se <strong>Active Luxe razvio u brend koji je danas prepoznat po kombinovanju nauke, prirodnih sastojaka i stvarnih rezultata<\/strong>.Tokom doga\u0111aja, gosti su mogli bolje da se upoznaju sa na\u0161im proizvodima, isprobaju ih i podele sa nama svoje prve utiske. Ali, doga\u0111aj je prevazi\u0161ao okvire klasi\u010dne prezentacije \u2013 postao je <strong>mesto za razgovor, razmenu iskustava i inspiraciju.<\/strong> <strong>Fokus nije bio samo na proizvodima, ve\u0107 na ljudima \u2013 na onome \u0161to nas povezuje.<\/strong><\/p>\n\n\n\n<figure class=\"wp-block-image size-large\"><img loading=\"lazy\" decoding=\"async\" width=\"1024\" height=\"573\" src=\"https:\/\/activeluxe-cosmetics.com\/rs\/wp-content\/uploads\/2025\/10\/active_luxe_beauty_brunch-1024x573.jpg\" alt=\"\" class=\"wp-image-87157\" srcset=\"https:\/\/activeluxe-cosmetics.com\/rs\/wp-content\/uploads\/2025\/10\/active_luxe_beauty_brunch-1024x573.jpg 1024w, https:\/\/activeluxe-cosmetics.com\/rs\/wp-content\/uploads\/2025\/10\/active_luxe_beauty_brunch-460x257.jpg 460w, https:\/\/activeluxe-cosmetics.com\/rs\/wp-content\/uploads\/2025\/10\/active_luxe_beauty_brunch-768x429.jpg 768w, https:\/\/activeluxe-cosmetics.com\/rs\/wp-content\/uploads\/2025\/10\/active_luxe_beauty_brunch-600x335.jpg 600w, https:\/\/activeluxe-cosmetics.com\/rs\/wp-content\/uploads\/2025\/10\/active_luxe_beauty_brunch.jpg 1438w\" sizes=\"auto, (max-width: 1024px) 100vw, 1024px\" \/><\/figure>\n\n\n\n<p><br>Kroz interaktivne ta\u010dke, neformalne razgovore i male detalje, \u017eeleli smo da poka\u017eemo da verujemo u holisti\u010dki pristup lepoti. <strong>Svaki proizvod je deo pri\u010de, ali prava snaga le\u017ei u zajednici koju gradimo \u2013 u \u017eenama (i mu\u0161karcima) koji \u017eele vi\u0161e od svoje nege.<\/strong> <strong>Koji \u017eele efikasnost bez kompromisa i ose\u0107aj da su saslu\u0161ani.<\/strong><br><br><strong>Doga\u0111aj je tako\u0111e bio prilika za stvaranje novih veza \u2013 sa kreatorima sadr\u017eaja koji inspiri\u0161u svoju publiku iskreno\u0161\u0107u i autenti\u010dno\u0161\u0107u, i sa urednicima i predstavnicima medija koji svojim radom zajedno stvaraju prostor za nove pri\u010de.<\/strong> <strong>Drago nam je \u0161to smo uspeli da poka\u017eemo na\u0161u posve\u0107enost kvalitetu i transparentnosti i u\u010dvrstimo na\u0161e prisustvo na hrvatskom tr\u017ei\u0161tu.<\/strong><br><br><\/p>\n\n\n\n<figure class=\"wp-block-image size-full\"><img loading=\"lazy\" decoding=\"async\" width=\"809\" height=\"452\" src=\"https:\/\/activeluxe-cosmetics.com\/rs\/wp-content\/uploads\/2025\/10\/brunc_zagreb_active_luxe.png\" alt=\"\" class=\"wp-image-87158\" srcset=\"https:\/\/activeluxe-cosmetics.com\/rs\/wp-content\/uploads\/2025\/10\/brunc_zagreb_active_luxe.png 809w, https:\/\/activeluxe-cosmetics.com\/rs\/wp-content\/uploads\/2025\/10\/brunc_zagreb_active_luxe-460x257.png 460w, https:\/\/activeluxe-cosmetics.com\/rs\/wp-content\/uploads\/2025\/10\/brunc_zagreb_active_luxe-768x429.png 768w, https:\/\/activeluxe-cosmetics.com\/rs\/wp-content\/uploads\/2025\/10\/brunc_zagreb_active_luxe-600x335.png 600w\" sizes=\"auto, (max-width: 809px) 100vw, 809px\" \/><\/figure>\n\n\n\n<p>Uz dobru hranu, pa\u017eljivo odabrane detalje i prijatnu atmosferu, stvorili smo doga\u0111aj koji je ostavio traga \u2013 i zato \u0161to nije bio samo promocija, ve\u0107 izraz vrednosti koje nosimo kao brend.<br><br><strong>Iskreno hvala svima koji su bili deo ovog dana. Zajedno rastemo. Zajedno stvaramo lepotu koja prevazilazi spolja\u0161njost.<\/strong><\/p>\n","protected":false},"excerpt":{"rendered":"<p>U prelepom ambijentu u srcu Zagreba, krajem septembra organizovali smo ekskluzivni beauty bran\u010d, gde smo se sastali sa odabranim influenserima, predstavnicima medija i prijateljima brenda&#8230;<\/p>\n","protected":false},"author":7,"featured_media":87159,"comment_status":"open","ping_status":"open","sticky":false,"template":"","format":"standard","meta":{"footnotes":""},"categories":[112,70],"tags":[],"class_list":["post-87161","post","type-post","status-publish","format-standard","has-post-thumbnail","hentry","category-aktivne-zene","category-trepavice"],"acf":[],"yoast_head":"<!-- This site is optimized with the Yoast SEO plugin v26.5 - https:\/\/yoast.com\/wordpress\/plugins\/seo\/ -->\n<title>Beauty Brunch u Zagrebu: ekskluzivni doga\u0111aj koji pi\u0161e nove pri\u010de - Active Luxe Cosmetics<\/title>\n<meta name=\"robots\" content=\"index, follow, max-snippet:-1, max-image-preview:large, max-video-preview:-1\" \/>\n<link rel=\"canonical\" href=\"https:\/\/activeluxe-cosmetics.com\/rs\/2025\/10\/07\/beauty-brunch-u-zagrebu-ekskluzivni-dogadaj-koji-pise-nove-price\/\" \/>\n<meta property=\"og:locale\" content=\"hr_HR\" \/>\n<meta property=\"og:type\" content=\"article\" \/>\n<meta property=\"og:title\" content=\"Beauty Brunch u Zagrebu: ekskluzivni doga\u0111aj koji pi\u0161e nove pri\u010de - Active Luxe Cosmetics\" \/>\n<meta property=\"og:description\" content=\"U prelepom ambijentu u srcu Zagreba, krajem septembra organizovali smo ekskluzivni beauty bran\u010d, gde smo se sastali sa odabranim influenserima, predstavnicima medija i prijateljima brenda...\" \/>\n<meta property=\"og:url\" content=\"https:\/\/activeluxe-cosmetics.com\/rs\/2025\/10\/07\/beauty-brunch-u-zagrebu-ekskluzivni-dogadaj-koji-pise-nove-price\/\" \/>\n<meta property=\"og:site_name\" content=\"Active Luxe Cosmetics\" \/>\n<meta property=\"article:published_time\" content=\"2025-10-07T10:34:46+00:00\" \/>\n<meta property=\"article:modified_time\" content=\"2025-10-07T10:34:47+00:00\" \/>\n<meta property=\"og:image\" content=\"https:\/\/activeluxe-cosmetics.com\/rs\/wp-content\/uploads\/2025\/10\/brunch_active_luxe-1.png\" \/>\n\t<meta property=\"og:image:width\" content=\"989\" \/>\n\t<meta property=\"og:image:height\" content=\"553\" \/>\n\t<meta property=\"og:image:type\" content=\"image\/png\" \/>\n<meta name=\"author\" content=\"Radmila\" \/>\n<meta name=\"twitter:card\" content=\"summary_large_image\" \/>\n<meta name=\"twitter:label1\" content=\"Napisao\/la\" \/>\n\t<meta name=\"twitter:data1\" content=\"Radmila\" \/>\n\t<meta name=\"twitter:label2\" content=\"Procijenjeno vrijeme \u010ditanja\" \/>\n\t<meta name=\"twitter:data2\" content=\"3 minute\" \/>\n<script type=\"application\/ld+json\" class=\"yoast-schema-graph\">{\"@context\":\"https:\/\/schema.org\",\"@graph\":[{\"@type\":\"WebPage\",\"@id\":\"https:\/\/activeluxe-cosmetics.com\/rs\/2025\/10\/07\/beauty-brunch-u-zagrebu-ekskluzivni-dogadaj-koji-pise-nove-price\/\",\"url\":\"https:\/\/activeluxe-cosmetics.com\/rs\/2025\/10\/07\/beauty-brunch-u-zagrebu-ekskluzivni-dogadaj-koji-pise-nove-price\/\",\"name\":\"Beauty Brunch u Zagrebu: ekskluzivni doga\u0111aj koji pi\u0161e nove pri\u010de - Active Luxe Cosmetics\",\"isPartOf\":{\"@id\":\"https:\/\/activeluxe-cosmetics.com\/rs\/#website\"},\"primaryImageOfPage\":{\"@id\":\"https:\/\/activeluxe-cosmetics.com\/rs\/2025\/10\/07\/beauty-brunch-u-zagrebu-ekskluzivni-dogadaj-koji-pise-nove-price\/#primaryimage\"},\"image\":{\"@id\":\"https:\/\/activeluxe-cosmetics.com\/rs\/2025\/10\/07\/beauty-brunch-u-zagrebu-ekskluzivni-dogadaj-koji-pise-nove-price\/#primaryimage\"},\"thumbnailUrl\":\"https:\/\/activeluxe-cosmetics.com\/rs\/wp-content\/uploads\/2025\/10\/brunch_active_luxe-1.png\",\"datePublished\":\"2025-10-07T10:34:46+00:00\",\"dateModified\":\"2025-10-07T10:34:47+00:00\",\"author\":{\"@id\":\"https:\/\/activeluxe-cosmetics.com\/rs\/#\/schema\/person\/cfcdf8dcc01ef622e84044588216b10e\"},\"breadcrumb\":{\"@id\":\"https:\/\/activeluxe-cosmetics.com\/rs\/2025\/10\/07\/beauty-brunch-u-zagrebu-ekskluzivni-dogadaj-koji-pise-nove-price\/#breadcrumb\"},\"inLanguage\":\"hr\",\"potentialAction\":[{\"@type\":\"ReadAction\",\"target\":[\"https:\/\/activeluxe-cosmetics.com\/rs\/2025\/10\/07\/beauty-brunch-u-zagrebu-ekskluzivni-dogadaj-koji-pise-nove-price\/\"]}]},{\"@type\":\"ImageObject\",\"inLanguage\":\"hr\",\"@id\":\"https:\/\/activeluxe-cosmetics.com\/rs\/2025\/10\/07\/beauty-brunch-u-zagrebu-ekskluzivni-dogadaj-koji-pise-nove-price\/#primaryimage\",\"url\":\"https:\/\/activeluxe-cosmetics.com\/rs\/wp-content\/uploads\/2025\/10\/brunch_active_luxe-1.png\",\"contentUrl\":\"https:\/\/activeluxe-cosmetics.com\/rs\/wp-content\/uploads\/2025\/10\/brunch_active_luxe-1.png\",\"width\":989,\"height\":553},{\"@type\":\"BreadcrumbList\",\"@id\":\"https:\/\/activeluxe-cosmetics.com\/rs\/2025\/10\/07\/beauty-brunch-u-zagrebu-ekskluzivni-dogadaj-koji-pise-nove-price\/#breadcrumb\",\"itemListElement\":[{\"@type\":\"ListItem\",\"position\":1,\"name\":\"Naslovnica\",\"item\":\"https:\/\/activeluxe-cosmetics.com\/rs\/\"},{\"@type\":\"ListItem\",\"position\":2,\"name\":\"Beauty Brunch u Zagrebu: ekskluzivni doga\u0111aj koji pi\u0161e nove pri\u010de\"}]},{\"@type\":\"WebSite\",\"@id\":\"https:\/\/activeluxe-cosmetics.com\/rs\/#website\",\"url\":\"https:\/\/activeluxe-cosmetics.com\/rs\/\",\"name\":\"Active Luxe Cosmetics\",\"description\":\"\",\"potentialAction\":[{\"@type\":\"SearchAction\",\"target\":{\"@type\":\"EntryPoint\",\"urlTemplate\":\"https:\/\/activeluxe-cosmetics.com\/rs\/?s={search_term_string}\"},\"query-input\":{\"@type\":\"PropertyValueSpecification\",\"valueRequired\":true,\"valueName\":\"search_term_string\"}}],\"inLanguage\":\"hr\"},{\"@type\":\"Person\",\"@id\":\"https:\/\/activeluxe-cosmetics.com\/rs\/#\/schema\/person\/cfcdf8dcc01ef622e84044588216b10e\",\"name\":\"Radmila\",\"image\":{\"@type\":\"ImageObject\",\"inLanguage\":\"hr\",\"@id\":\"https:\/\/activeluxe-cosmetics.com\/rs\/#\/schema\/person\/image\/\",\"url\":\"https:\/\/secure.gravatar.com\/avatar\/175fec096ba678d3c5115ec19f34c117965ef04f286c9be82d1332a022df2617?s=96&d=mm&r=g\",\"contentUrl\":\"https:\/\/secure.gravatar.com\/avatar\/175fec096ba678d3c5115ec19f34c117965ef04f286c9be82d1332a022df2617?s=96&d=mm&r=g\",\"caption\":\"Radmila\"},\"url\":\"https:\/\/activeluxe-cosmetics.com\/rs\/author\/radmila\/\"}]}<\/script>\n<!-- \/ Yoast SEO plugin. -->","yoast_head_json":{"title":"Beauty Brunch u Zagrebu: ekskluzivni doga\u0111aj koji pi\u0161e nove pri\u010de - Active Luxe Cosmetics","robots":{"index":"index","follow":"follow","max-snippet":"max-snippet:-1","max-image-preview":"max-image-preview:large","max-video-preview":"max-video-preview:-1"},"canonical":"https:\/\/activeluxe-cosmetics.com\/rs\/2025\/10\/07\/beauty-brunch-u-zagrebu-ekskluzivni-dogadaj-koji-pise-nove-price\/","og_locale":"hr_HR","og_type":"article","og_title":"Beauty Brunch u Zagrebu: ekskluzivni doga\u0111aj koji pi\u0161e nove pri\u010de - Active Luxe Cosmetics","og_description":"U prelepom ambijentu u srcu Zagreba, krajem septembra organizovali smo ekskluzivni beauty bran\u010d, gde smo se sastali sa odabranim influenserima, predstavnicima medija i prijateljima brenda...","og_url":"https:\/\/activeluxe-cosmetics.com\/rs\/2025\/10\/07\/beauty-brunch-u-zagrebu-ekskluzivni-dogadaj-koji-pise-nove-price\/","og_site_name":"Active Luxe Cosmetics","article_published_time":"2025-10-07T10:34:46+00:00","article_modified_time":"2025-10-07T10:34:47+00:00","og_image":[{"width":989,"height":553,"url":"https:\/\/activeluxe-cosmetics.com\/rs\/wp-content\/uploads\/2025\/10\/brunch_active_luxe-1.png","type":"image\/png"}],"author":"Radmila","twitter_card":"summary_large_image","twitter_misc":{"Napisao\/la":"Radmila","Procijenjeno vrijeme \u010ditanja":"3 minute"},"schema":{"@context":"https:\/\/schema.org","@graph":[{"@type":"WebPage","@id":"https:\/\/activeluxe-cosmetics.com\/rs\/2025\/10\/07\/beauty-brunch-u-zagrebu-ekskluzivni-dogadaj-koji-pise-nove-price\/","url":"https:\/\/activeluxe-cosmetics.com\/rs\/2025\/10\/07\/beauty-brunch-u-zagrebu-ekskluzivni-dogadaj-koji-pise-nove-price\/","name":"Beauty Brunch u Zagrebu: ekskluzivni doga\u0111aj koji pi\u0161e nove pri\u010de - Active Luxe Cosmetics","isPartOf":{"@id":"https:\/\/activeluxe-cosmetics.com\/rs\/#website"},"primaryImageOfPage":{"@id":"https:\/\/activeluxe-cosmetics.com\/rs\/2025\/10\/07\/beauty-brunch-u-zagrebu-ekskluzivni-dogadaj-koji-pise-nove-price\/#primaryimage"},"image":{"@id":"https:\/\/activeluxe-cosmetics.com\/rs\/2025\/10\/07\/beauty-brunch-u-zagrebu-ekskluzivni-dogadaj-koji-pise-nove-price\/#primaryimage"},"thumbnailUrl":"https:\/\/activeluxe-cosmetics.com\/rs\/wp-content\/uploads\/2025\/10\/brunch_active_luxe-1.png","datePublished":"2025-10-07T10:34:46+00:00","dateModified":"2025-10-07T10:34:47+00:00","author":{"@id":"https:\/\/activeluxe-cosmetics.com\/rs\/#\/schema\/person\/cfcdf8dcc01ef622e84044588216b10e"},"breadcrumb":{"@id":"https:\/\/activeluxe-cosmetics.com\/rs\/2025\/10\/07\/beauty-brunch-u-zagrebu-ekskluzivni-dogadaj-koji-pise-nove-price\/#breadcrumb"},"inLanguage":"hr","potentialAction":[{"@type":"ReadAction","target":["https:\/\/activeluxe-cosmetics.com\/rs\/2025\/10\/07\/beauty-brunch-u-zagrebu-ekskluzivni-dogadaj-koji-pise-nove-price\/"]}]},{"@type":"ImageObject","inLanguage":"hr","@id":"https:\/\/activeluxe-cosmetics.com\/rs\/2025\/10\/07\/beauty-brunch-u-zagrebu-ekskluzivni-dogadaj-koji-pise-nove-price\/#primaryimage","url":"https:\/\/activeluxe-cosmetics.com\/rs\/wp-content\/uploads\/2025\/10\/brunch_active_luxe-1.png","contentUrl":"https:\/\/activeluxe-cosmetics.com\/rs\/wp-content\/uploads\/2025\/10\/brunch_active_luxe-1.png","width":989,"height":553},{"@type":"BreadcrumbList","@id":"https:\/\/activeluxe-cosmetics.com\/rs\/2025\/10\/07\/beauty-brunch-u-zagrebu-ekskluzivni-dogadaj-koji-pise-nove-price\/#breadcrumb","itemListElement":[{"@type":"ListItem","position":1,"name":"Naslovnica","item":"https:\/\/activeluxe-cosmetics.com\/rs\/"},{"@type":"ListItem","position":2,"name":"Beauty Brunch u Zagrebu: ekskluzivni doga\u0111aj koji pi\u0161e nove pri\u010de"}]},{"@type":"WebSite","@id":"https:\/\/activeluxe-cosmetics.com\/rs\/#website","url":"https:\/\/activeluxe-cosmetics.com\/rs\/","name":"Active Luxe Cosmetics","description":"","potentialAction":[{"@type":"SearchAction","target":{"@type":"EntryPoint","urlTemplate":"https:\/\/activeluxe-cosmetics.com\/rs\/?s={search_term_string}"},"query-input":{"@type":"PropertyValueSpecification","valueRequired":true,"valueName":"search_term_string"}}],"inLanguage":"hr"},{"@type":"Person","@id":"https:\/\/activeluxe-cosmetics.com\/rs\/#\/schema\/person\/cfcdf8dcc01ef622e84044588216b10e","name":"Radmila","image":{"@type":"ImageObject","inLanguage":"hr","@id":"https:\/\/activeluxe-cosmetics.com\/rs\/#\/schema\/person\/image\/","url":"https:\/\/secure.gravatar.com\/avatar\/175fec096ba678d3c5115ec19f34c117965ef04f286c9be82d1332a022df2617?s=96&d=mm&r=g","contentUrl":"https:\/\/secure.gravatar.com\/avatar\/175fec096ba678d3c5115ec19f34c117965ef04f286c9be82d1332a022df2617?s=96&d=mm&r=g","caption":"Radmila"},"url":"https:\/\/activeluxe-cosmetics.com\/rs\/author\/radmila\/"}]}},"_links":{"self":[{"href":"https:\/\/activeluxe-cosmetics.com\/rs\/wp-json\/wp\/v2\/posts\/87161","targetHints":{"allow":["GET"]}}],"collection":[{"href":"https:\/\/activeluxe-cosmetics.com\/rs\/wp-json\/wp\/v2\/posts"}],"about":[{"href":"https:\/\/activeluxe-cosmetics.com\/rs\/wp-json\/wp\/v2\/types\/post"}],"author":[{"embeddable":true,"href":"https:\/\/activeluxe-cosmetics.com\/rs\/wp-json\/wp\/v2\/users\/7"}],"replies":[{"embeddable":true,"href":"https:\/\/activeluxe-cosmetics.com\/rs\/wp-json\/wp\/v2\/comments?post=87161"}],"version-history":[{"count":2,"href":"https:\/\/activeluxe-cosmetics.com\/rs\/wp-json\/wp\/v2\/posts\/87161\/revisions"}],"predecessor-version":[{"id":87163,"href":"https:\/\/activeluxe-cosmetics.com\/rs\/wp-json\/wp\/v2\/posts\/87161\/revisions\/87163"}],"wp:featuredmedia":[{"embeddable":true,"href":"https:\/\/activeluxe-cosmetics.com\/rs\/wp-json\/wp\/v2\/media\/87159"}],"wp:attachment":[{"href":"https:\/\/activeluxe-cosmetics.com\/rs\/wp-json\/wp\/v2\/media?parent=87161"}],"wp:term":[{"taxonomy":"category","embeddable":true,"href":"https:\/\/activeluxe-cosmetics.com\/rs\/wp-json\/wp\/v2\/categories?post=87161"},{"taxonomy":"post_tag","embeddable":true,"href":"https:\/\/activeluxe-cosmetics.com\/rs\/wp-json\/wp\/v2\/tags?post=87161"}],"curies":[{"name":"wp","href":"https:\/\/api.w.org\/{rel}","templated":true}]}}