{"id":85555,"date":"2025-03-19T10:30:52","date_gmt":"2025-03-19T09:30:52","guid":{"rendered":"https:\/\/activeluxe-cosmetics.com\/rs\/?p=85555"},"modified":"2025-03-24T13:22:29","modified_gmt":"2025-03-24T12:22:29","slug":"do-dugih-gustih-i-oblikovanih-obrva-uz-serum-za-rast-obrva","status":"publish","type":"post","link":"https:\/\/activeluxe-cosmetics.com\/rs\/2025\/03\/19\/do-dugih-gustih-i-oblikovanih-obrva-uz-serum-za-rast-obrva\/","title":{"rendered":"Do jakih, gustih i oblikovanih obrva uz serum za rast obrva"},"content":{"rendered":"\n<p><strong>Obrve su va\u017ean deo lica, jer uti\u010du na simetriju, nagla\u0161avaju o\u010di i mogu \u010dak promeniti celokupan izgled.<\/strong> Gu\u0161\u0107e, prirodno oblikovane obrve su ve\u0107 nekoliko godina u centru beauty trendova, ali mnogi se suo\u010davaju sa problemom tankih, retkih ili neravnomerno raspore\u0111enih dlaka. Ako ste me\u0111u njima, <strong>Active Luxe serum za rast obrva<\/strong> je idealno re\u0161enje koje stimuli\u0161e rast, ja\u010da obrve i vra\u0107a im zdrav izgled.<\/p>\n\n\n\n<figure class=\"wp-block-image aligncenter size-full is-resized\"><img loading=\"lazy\" decoding=\"async\" width=\"360\" height=\"443\" src=\"https:\/\/activeluxe-cosmetics.com\/rs\/wp-content\/uploads\/2024\/01\/Mask-group-4.png\" alt=\"\" class=\"wp-image-81462\" style=\"width:301px;height:auto\"\/><\/figure>\n\n\n\n<h4 class=\"wp-block-heading\"><strong>Za\u0161to se obrve prore\u0111uju?<\/strong><\/h4>\n\n\n\n<p>Uzroci za gubitak ili slabljene obrva su razli\u010diti, a naj\u010de\u0161\u0107e su povezani sa na\u010dinom \u017eivota, hormonskim promenama ili nepravilnom negom. <strong>Preterano \u010dupanje<\/strong> je jedan od glavnih problema, jer dlake vremenom mogu prestati da rastu ako folikuli oslabe ili \u010dak umru. Tako\u0111e, starenje uti\u010de na gustinu obrva, jer se smanjuje proizvodnja keratina i drugih klju\u010dnih proteina koji \u010dine dla\u010dice.<\/p>\n\n\n\n<p>Pored toga, hormonalni disbalans, kao \u0161to su trudno\u0107a, menopauza ili problemi sa \u0161titnom \u017elezdom, mogu izazvati stanjivanje obrva. <strong>Stres i neuravnote\u017eena ishrana<\/strong> tako\u0111e igraju va\u017enu ulogu \u2013 telo, naime, u periodima nedostatka hranljivih materija, daje prednost vitalnim funkcijama, \u0161to mo\u017ee usporiti rast dlaka. Nepravilna nega, kao \u0161to je kori\u0161\u0107enje agresivnih \u010distilaca, trljanje ili izlaganje \u0161tetnim hemikalijama, dodatno oslabljuje obrve i izaziva lomljenje.<\/p>\n\n\n\n<figure class=\"wp-block-image aligncenter size-large is-resized\"><img loading=\"lazy\" decoding=\"async\" width=\"1021\" height=\"1024\" src=\"https:\/\/activeluxe-cosmetics.com\/rs\/wp-content\/uploads\/2024\/01\/Brow_Category_BrowSerum-1021x1024.png\" alt=\"\" class=\"wp-image-85230\" style=\"width:465px;height:auto\" srcset=\"https:\/\/activeluxe-cosmetics.com\/rs\/wp-content\/uploads\/2024\/01\/Brow_Category_BrowSerum-1021x1024.png 1021w, https:\/\/activeluxe-cosmetics.com\/rs\/wp-content\/uploads\/2024\/01\/Brow_Category_BrowSerum-460x461.png 460w, https:\/\/activeluxe-cosmetics.com\/rs\/wp-content\/uploads\/2024\/01\/Brow_Category_BrowSerum-150x150.png 150w, https:\/\/activeluxe-cosmetics.com\/rs\/wp-content\/uploads\/2024\/01\/Brow_Category_BrowSerum-768x770.png 768w, https:\/\/activeluxe-cosmetics.com\/rs\/wp-content\/uploads\/2024\/01\/Brow_Category_BrowSerum-600x602.png 600w, https:\/\/activeluxe-cosmetics.com\/rs\/wp-content\/uploads\/2024\/01\/Brow_Category_BrowSerum-100x100.png 100w, https:\/\/activeluxe-cosmetics.com\/rs\/wp-content\/uploads\/2024\/01\/Brow_Category_BrowSerum.png 1252w\" sizes=\"auto, (max-width: 1021px) 100vw, 1021px\" \/><\/figure>\n\n\n\n<h4 class=\"wp-block-heading\"><strong>Kako deluje Active Luxe serum za rast obrva?<\/strong><\/h4>\n\n\n\n<p><strong>Active Luxe serum za rast obrva<\/strong> razvijen je posebno za stimulaciju prirodnog rasta dlaka. Njegova napredna formula poma\u017ee da obrve postanu gu\u0161\u0107e i ja\u010de, jer deluje direktno na <strong>folikule dlake<\/strong> i podsti\u010de ih na aktivni rast. Uz redovnu upotrebu, dla\u010dice postaju ja\u010de, manje lomljive i otpornije na spoljne uticaje. Serum tako\u0111e pobolj\u0161ava celokupan izgled obrva, \u010dine\u0107i ih <strong>definisanim, gu\u0161\u0107im i ravnomerno oblikovanim<\/strong>.<\/p>\n\n\n\n<p>Korisnici \u010desto primete prve promene ve\u0107 nakon nekoliko nedelja kori\u0161\u0107enja. Klju\u010d uspeha je <strong>doslednost<\/strong> \u2013 obrve rastu u ciklusima, pa je za optimalne rezultate preporu\u010dljivo koristiti serum najmanje <strong>6 do 8 nedelja<\/strong>.<\/p>\n\n\n\n<p>         <\/p>\n\n\n\n<figure class=\"wp-block-image aligncenter size-full is-resized\"><img loading=\"lazy\" decoding=\"async\" width=\"1000\" height=\"1000\" src=\"https:\/\/activeluxe-cosmetics.com\/rs\/wp-content\/uploads\/2023\/08\/microblading-eyebrows-the-ultimate-guide-pillar-1.jpg\" alt=\"\" class=\"wp-image-63275\" style=\"width:404px;height:auto\" srcset=\"https:\/\/activeluxe-cosmetics.com\/rs\/wp-content\/uploads\/2023\/08\/microblading-eyebrows-the-ultimate-guide-pillar-1.jpg 1000w, https:\/\/activeluxe-cosmetics.com\/rs\/wp-content\/uploads\/2023\/08\/microblading-eyebrows-the-ultimate-guide-pillar-1-100x100.jpg 100w, https:\/\/activeluxe-cosmetics.com\/rs\/wp-content\/uploads\/2023\/08\/microblading-eyebrows-the-ultimate-guide-pillar-1-600x600.jpg 600w, https:\/\/activeluxe-cosmetics.com\/rs\/wp-content\/uploads\/2023\/08\/microblading-eyebrows-the-ultimate-guide-pillar-1-460x460.jpg 460w, https:\/\/activeluxe-cosmetics.com\/rs\/wp-content\/uploads\/2023\/08\/microblading-eyebrows-the-ultimate-guide-pillar-1-150x150.jpg 150w, https:\/\/activeluxe-cosmetics.com\/rs\/wp-content\/uploads\/2023\/08\/microblading-eyebrows-the-ultimate-guide-pillar-1-768x768.jpg 768w, https:\/\/activeluxe-cosmetics.com\/rs\/wp-content\/uploads\/2023\/08\/microblading-eyebrows-the-ultimate-guide-pillar-1-300x300.jpg 300w\" sizes=\"auto, (max-width: 1000px) 100vw, 1000px\" \/><\/figure>\n\n\n\n<h4 class=\"wp-block-heading\"><strong>Kako pravilno koristiti serum?<\/strong><\/h4>\n\n\n\n<p>Da biste postigli najbolje rezultate, preporu\u010duje se da serum nanosite <strong>svake ve\u010deri na \u010distu, suvu ko\u017eu<\/strong>. Pomo\u0107u prilo\u017eenog aplikatora, nanesite ga direktno na podru\u010dje obrva i ostavite da se upije. Va\u017eno je da budete precizni prilikom nano\u0161enja, jer <strong>redovna i pravilna upotreba<\/strong> zna\u010dajno uti\u010de na krajnji rezultat.<\/p>\n\n\n\n<h4 class=\"wp-block-heading\"><strong>Za\u0161to odabrati Active Luxe serum za rast obrva?<\/strong><\/h4>\n\n\n\n<p>U moru proizvoda za negu obrva, klju\u010dno je izabrati onaj koji zaista deluje i koji je pogodan za <strong>dugotrajnu upotrebu<\/strong>. <strong>Active Luxe serum<\/strong> se izdvaja po svojoj <strong>naprednoj formuli<\/strong>, koja je dermatolo\u0161ki testirana i pogodna \u010dak i za <strong>osetljivu ko\u017eu<\/strong>. Njegova <strong>lagana i brzo upijaju\u0107a tekstura<\/strong> omogu\u0107ava jednostavno nano\u0161enje, bez ose\u0107aja lepljivosti.<\/p>\n\n\n\n<p>Ako \u017eelite <strong>prirodno guste, zdrave i ravnomerno oblikovane obrve<\/strong>, <strong>Active Luxe serum za rast obrva<\/strong> je pravi izbor za vas. Uz pravilnu negu i redovnu upotrebu, posti\u0107i \u0107ete vidljive rezultate i svom pogledu dodati novu dimenziju dubine i izra\u017eajnosti.<\/p>\n\n\n\n<figure class=\"wp-block-embed is-type-wp-embed is-provider-active-luxe-cosmetics wp-block-embed-active-luxe-cosmetics\"><div class=\"wp-block-embed__wrapper\">\n<blockquote class=\"wp-embedded-content\" data-secret=\"Q4OStodh6Z\"><a href=\"https:\/\/activeluxe-cosmetics.com\/rs\/izdelek\/serum-za-prirodni-rast-obrva\/\">Serum za rast obrva<\/a><\/blockquote><iframe loading=\"lazy\" class=\"wp-embedded-content\" sandbox=\"allow-scripts\" security=\"restricted\" style=\"position: absolute; visibility: hidden;\" title=\"&#8220;Serum za rast obrva&#8221; &#8212; Active Luxe Cosmetics\" src=\"https:\/\/activeluxe-cosmetics.com\/rs\/izdelek\/serum-za-prirodni-rast-obrva\/embed\/#?secret=IAD2BAZ9zQ#?secret=Q4OStodh6Z\" data-secret=\"Q4OStodh6Z\" width=\"600\" height=\"338\" frameborder=\"0\" marginwidth=\"0\" marginheight=\"0\" scrolling=\"no\"><\/iframe>\n<\/div><\/figure>\n","protected":false},"excerpt":{"rendered":"<p>Obrve su va\u017ean deo lica, jer uti\u010du na simetriju, nagla\u0161avaju o\u010di i mogu \u010dak promeniti celokupan izgled. Gu\u0161\u0107e, prirodno oblikovane obrve su ve\u0107 nekoliko godina&#8230;<\/p>\n","protected":false},"author":7,"featured_media":85556,"comment_status":"open","ping_status":"open","sticky":false,"template":"","format":"standard","meta":{"footnotes":""},"categories":[71],"tags":[],"class_list":["post-85555","post","type-post","status-publish","format-standard","has-post-thumbnail","hentry","category-obrve"],"acf":[],"yoast_head":"<!-- This site is optimized with the Yoast SEO plugin v26.5 - https:\/\/yoast.com\/wordpress\/plugins\/seo\/ -->\n<title>Do jakih, gustih i oblikovanih obrva uz serum za rast obrva - Active Luxe Cosmetics<\/title>\n<meta name=\"robots\" content=\"index, follow, max-snippet:-1, max-image-preview:large, max-video-preview:-1\" \/>\n<link rel=\"canonical\" href=\"https:\/\/activeluxe-cosmetics.com\/rs\/2025\/03\/19\/do-dugih-gustih-i-oblikovanih-obrva-uz-serum-za-rast-obrva\/\" \/>\n<meta property=\"og:locale\" content=\"hr_HR\" \/>\n<meta property=\"og:type\" content=\"article\" \/>\n<meta property=\"og:title\" content=\"Do jakih, gustih i oblikovanih obrva uz serum za rast obrva - Active Luxe Cosmetics\" \/>\n<meta property=\"og:description\" content=\"Obrve su va\u017ean deo lica, jer uti\u010du na simetriju, nagla\u0161avaju o\u010di i mogu \u010dak promeniti celokupan izgled. Gu\u0161\u0107e, prirodno oblikovane obrve su ve\u0107 nekoliko godina...\" \/>\n<meta property=\"og:url\" content=\"https:\/\/activeluxe-cosmetics.com\/rs\/2025\/03\/19\/do-dugih-gustih-i-oblikovanih-obrva-uz-serum-za-rast-obrva\/\" \/>\n<meta property=\"og:site_name\" content=\"Active Luxe Cosmetics\" \/>\n<meta property=\"article:published_time\" content=\"2025-03-19T09:30:52+00:00\" \/>\n<meta property=\"article:modified_time\" content=\"2025-03-24T12:22:29+00:00\" \/>\n<meta property=\"og:image\" content=\"https:\/\/activeluxe-cosmetics.com\/rs\/wp-content\/uploads\/2025\/03\/IMG_9029-scaled.jpeg\" \/>\n\t<meta property=\"og:image:width\" content=\"1440\" \/>\n\t<meta property=\"og:image:height\" content=\"2560\" \/>\n\t<meta property=\"og:image:type\" content=\"image\/jpeg\" \/>\n<meta name=\"author\" content=\"Radmila\" \/>\n<meta name=\"twitter:card\" content=\"summary_large_image\" \/>\n<meta name=\"twitter:label1\" content=\"Napisao\/la\" \/>\n\t<meta name=\"twitter:data1\" content=\"Radmila\" \/>\n\t<meta name=\"twitter:label2\" content=\"Procijenjeno vrijeme \u010ditanja\" \/>\n\t<meta name=\"twitter:data2\" content=\"4 minute\" \/>\n<script type=\"application\/ld+json\" class=\"yoast-schema-graph\">{\"@context\":\"https:\/\/schema.org\",\"@graph\":[{\"@type\":\"WebPage\",\"@id\":\"https:\/\/activeluxe-cosmetics.com\/rs\/2025\/03\/19\/do-dugih-gustih-i-oblikovanih-obrva-uz-serum-za-rast-obrva\/\",\"url\":\"https:\/\/activeluxe-cosmetics.com\/rs\/2025\/03\/19\/do-dugih-gustih-i-oblikovanih-obrva-uz-serum-za-rast-obrva\/\",\"name\":\"Do jakih, gustih i oblikovanih obrva uz serum za rast obrva - Active Luxe Cosmetics\",\"isPartOf\":{\"@id\":\"https:\/\/activeluxe-cosmetics.com\/rs\/#website\"},\"primaryImageOfPage\":{\"@id\":\"https:\/\/activeluxe-cosmetics.com\/rs\/2025\/03\/19\/do-dugih-gustih-i-oblikovanih-obrva-uz-serum-za-rast-obrva\/#primaryimage\"},\"image\":{\"@id\":\"https:\/\/activeluxe-cosmetics.com\/rs\/2025\/03\/19\/do-dugih-gustih-i-oblikovanih-obrva-uz-serum-za-rast-obrva\/#primaryimage\"},\"thumbnailUrl\":\"https:\/\/activeluxe-cosmetics.com\/rs\/wp-content\/uploads\/2025\/03\/IMG_9029-scaled.jpeg\",\"datePublished\":\"2025-03-19T09:30:52+00:00\",\"dateModified\":\"2025-03-24T12:22:29+00:00\",\"author\":{\"@id\":\"https:\/\/activeluxe-cosmetics.com\/rs\/#\/schema\/person\/cfcdf8dcc01ef622e84044588216b10e\"},\"breadcrumb\":{\"@id\":\"https:\/\/activeluxe-cosmetics.com\/rs\/2025\/03\/19\/do-dugih-gustih-i-oblikovanih-obrva-uz-serum-za-rast-obrva\/#breadcrumb\"},\"inLanguage\":\"hr\",\"potentialAction\":[{\"@type\":\"ReadAction\",\"target\":[\"https:\/\/activeluxe-cosmetics.com\/rs\/2025\/03\/19\/do-dugih-gustih-i-oblikovanih-obrva-uz-serum-za-rast-obrva\/\"]}]},{\"@type\":\"ImageObject\",\"inLanguage\":\"hr\",\"@id\":\"https:\/\/activeluxe-cosmetics.com\/rs\/2025\/03\/19\/do-dugih-gustih-i-oblikovanih-obrva-uz-serum-za-rast-obrva\/#primaryimage\",\"url\":\"https:\/\/activeluxe-cosmetics.com\/rs\/wp-content\/uploads\/2025\/03\/IMG_9029-scaled.jpeg\",\"contentUrl\":\"https:\/\/activeluxe-cosmetics.com\/rs\/wp-content\/uploads\/2025\/03\/IMG_9029-scaled.jpeg\",\"width\":1440,\"height\":2560},{\"@type\":\"BreadcrumbList\",\"@id\":\"https:\/\/activeluxe-cosmetics.com\/rs\/2025\/03\/19\/do-dugih-gustih-i-oblikovanih-obrva-uz-serum-za-rast-obrva\/#breadcrumb\",\"itemListElement\":[{\"@type\":\"ListItem\",\"position\":1,\"name\":\"Naslovnica\",\"item\":\"https:\/\/activeluxe-cosmetics.com\/rs\/\"},{\"@type\":\"ListItem\",\"position\":2,\"name\":\"Do jakih, gustih i oblikovanih obrva uz serum za rast obrva\"}]},{\"@type\":\"WebSite\",\"@id\":\"https:\/\/activeluxe-cosmetics.com\/rs\/#website\",\"url\":\"https:\/\/activeluxe-cosmetics.com\/rs\/\",\"name\":\"Active Luxe Cosmetics\",\"description\":\"\",\"potentialAction\":[{\"@type\":\"SearchAction\",\"target\":{\"@type\":\"EntryPoint\",\"urlTemplate\":\"https:\/\/activeluxe-cosmetics.com\/rs\/?s={search_term_string}\"},\"query-input\":{\"@type\":\"PropertyValueSpecification\",\"valueRequired\":true,\"valueName\":\"search_term_string\"}}],\"inLanguage\":\"hr\"},{\"@type\":\"Person\",\"@id\":\"https:\/\/activeluxe-cosmetics.com\/rs\/#\/schema\/person\/cfcdf8dcc01ef622e84044588216b10e\",\"name\":\"Radmila\",\"image\":{\"@type\":\"ImageObject\",\"inLanguage\":\"hr\",\"@id\":\"https:\/\/activeluxe-cosmetics.com\/rs\/#\/schema\/person\/image\/\",\"url\":\"https:\/\/secure.gravatar.com\/avatar\/175fec096ba678d3c5115ec19f34c117965ef04f286c9be82d1332a022df2617?s=96&d=mm&r=g\",\"contentUrl\":\"https:\/\/secure.gravatar.com\/avatar\/175fec096ba678d3c5115ec19f34c117965ef04f286c9be82d1332a022df2617?s=96&d=mm&r=g\",\"caption\":\"Radmila\"},\"url\":\"https:\/\/activeluxe-cosmetics.com\/rs\/author\/radmila\/\"}]}<\/script>\n<!-- \/ Yoast SEO plugin. -->","yoast_head_json":{"title":"Do jakih, gustih i oblikovanih obrva uz serum za rast obrva - Active Luxe Cosmetics","robots":{"index":"index","follow":"follow","max-snippet":"max-snippet:-1","max-image-preview":"max-image-preview:large","max-video-preview":"max-video-preview:-1"},"canonical":"https:\/\/activeluxe-cosmetics.com\/rs\/2025\/03\/19\/do-dugih-gustih-i-oblikovanih-obrva-uz-serum-za-rast-obrva\/","og_locale":"hr_HR","og_type":"article","og_title":"Do jakih, gustih i oblikovanih obrva uz serum za rast obrva - Active Luxe Cosmetics","og_description":"Obrve su va\u017ean deo lica, jer uti\u010du na simetriju, nagla\u0161avaju o\u010di i mogu \u010dak promeniti celokupan izgled. Gu\u0161\u0107e, prirodno oblikovane obrve su ve\u0107 nekoliko godina...","og_url":"https:\/\/activeluxe-cosmetics.com\/rs\/2025\/03\/19\/do-dugih-gustih-i-oblikovanih-obrva-uz-serum-za-rast-obrva\/","og_site_name":"Active Luxe Cosmetics","article_published_time":"2025-03-19T09:30:52+00:00","article_modified_time":"2025-03-24T12:22:29+00:00","og_image":[{"width":1440,"height":2560,"url":"https:\/\/activeluxe-cosmetics.com\/rs\/wp-content\/uploads\/2025\/03\/IMG_9029-scaled.jpeg","type":"image\/jpeg"}],"author":"Radmila","twitter_card":"summary_large_image","twitter_misc":{"Napisao\/la":"Radmila","Procijenjeno vrijeme \u010ditanja":"4 minute"},"schema":{"@context":"https:\/\/schema.org","@graph":[{"@type":"WebPage","@id":"https:\/\/activeluxe-cosmetics.com\/rs\/2025\/03\/19\/do-dugih-gustih-i-oblikovanih-obrva-uz-serum-za-rast-obrva\/","url":"https:\/\/activeluxe-cosmetics.com\/rs\/2025\/03\/19\/do-dugih-gustih-i-oblikovanih-obrva-uz-serum-za-rast-obrva\/","name":"Do jakih, gustih i oblikovanih obrva uz serum za rast obrva - Active Luxe Cosmetics","isPartOf":{"@id":"https:\/\/activeluxe-cosmetics.com\/rs\/#website"},"primaryImageOfPage":{"@id":"https:\/\/activeluxe-cosmetics.com\/rs\/2025\/03\/19\/do-dugih-gustih-i-oblikovanih-obrva-uz-serum-za-rast-obrva\/#primaryimage"},"image":{"@id":"https:\/\/activeluxe-cosmetics.com\/rs\/2025\/03\/19\/do-dugih-gustih-i-oblikovanih-obrva-uz-serum-za-rast-obrva\/#primaryimage"},"thumbnailUrl":"https:\/\/activeluxe-cosmetics.com\/rs\/wp-content\/uploads\/2025\/03\/IMG_9029-scaled.jpeg","datePublished":"2025-03-19T09:30:52+00:00","dateModified":"2025-03-24T12:22:29+00:00","author":{"@id":"https:\/\/activeluxe-cosmetics.com\/rs\/#\/schema\/person\/cfcdf8dcc01ef622e84044588216b10e"},"breadcrumb":{"@id":"https:\/\/activeluxe-cosmetics.com\/rs\/2025\/03\/19\/do-dugih-gustih-i-oblikovanih-obrva-uz-serum-za-rast-obrva\/#breadcrumb"},"inLanguage":"hr","potentialAction":[{"@type":"ReadAction","target":["https:\/\/activeluxe-cosmetics.com\/rs\/2025\/03\/19\/do-dugih-gustih-i-oblikovanih-obrva-uz-serum-za-rast-obrva\/"]}]},{"@type":"ImageObject","inLanguage":"hr","@id":"https:\/\/activeluxe-cosmetics.com\/rs\/2025\/03\/19\/do-dugih-gustih-i-oblikovanih-obrva-uz-serum-za-rast-obrva\/#primaryimage","url":"https:\/\/activeluxe-cosmetics.com\/rs\/wp-content\/uploads\/2025\/03\/IMG_9029-scaled.jpeg","contentUrl":"https:\/\/activeluxe-cosmetics.com\/rs\/wp-content\/uploads\/2025\/03\/IMG_9029-scaled.jpeg","width":1440,"height":2560},{"@type":"BreadcrumbList","@id":"https:\/\/activeluxe-cosmetics.com\/rs\/2025\/03\/19\/do-dugih-gustih-i-oblikovanih-obrva-uz-serum-za-rast-obrva\/#breadcrumb","itemListElement":[{"@type":"ListItem","position":1,"name":"Naslovnica","item":"https:\/\/activeluxe-cosmetics.com\/rs\/"},{"@type":"ListItem","position":2,"name":"Do jakih, gustih i oblikovanih obrva uz serum za rast obrva"}]},{"@type":"WebSite","@id":"https:\/\/activeluxe-cosmetics.com\/rs\/#website","url":"https:\/\/activeluxe-cosmetics.com\/rs\/","name":"Active Luxe Cosmetics","description":"","potentialAction":[{"@type":"SearchAction","target":{"@type":"EntryPoint","urlTemplate":"https:\/\/activeluxe-cosmetics.com\/rs\/?s={search_term_string}"},"query-input":{"@type":"PropertyValueSpecification","valueRequired":true,"valueName":"search_term_string"}}],"inLanguage":"hr"},{"@type":"Person","@id":"https:\/\/activeluxe-cosmetics.com\/rs\/#\/schema\/person\/cfcdf8dcc01ef622e84044588216b10e","name":"Radmila","image":{"@type":"ImageObject","inLanguage":"hr","@id":"https:\/\/activeluxe-cosmetics.com\/rs\/#\/schema\/person\/image\/","url":"https:\/\/secure.gravatar.com\/avatar\/175fec096ba678d3c5115ec19f34c117965ef04f286c9be82d1332a022df2617?s=96&d=mm&r=g","contentUrl":"https:\/\/secure.gravatar.com\/avatar\/175fec096ba678d3c5115ec19f34c117965ef04f286c9be82d1332a022df2617?s=96&d=mm&r=g","caption":"Radmila"},"url":"https:\/\/activeluxe-cosmetics.com\/rs\/author\/radmila\/"}]}},"_links":{"self":[{"href":"https:\/\/activeluxe-cosmetics.com\/rs\/wp-json\/wp\/v2\/posts\/85555","targetHints":{"allow":["GET"]}}],"collection":[{"href":"https:\/\/activeluxe-cosmetics.com\/rs\/wp-json\/wp\/v2\/posts"}],"about":[{"href":"https:\/\/activeluxe-cosmetics.com\/rs\/wp-json\/wp\/v2\/types\/post"}],"author":[{"embeddable":true,"href":"https:\/\/activeluxe-cosmetics.com\/rs\/wp-json\/wp\/v2\/users\/7"}],"replies":[{"embeddable":true,"href":"https:\/\/activeluxe-cosmetics.com\/rs\/wp-json\/wp\/v2\/comments?post=85555"}],"version-history":[{"count":3,"href":"https:\/\/activeluxe-cosmetics.com\/rs\/wp-json\/wp\/v2\/posts\/85555\/revisions"}],"predecessor-version":[{"id":85581,"href":"https:\/\/activeluxe-cosmetics.com\/rs\/wp-json\/wp\/v2\/posts\/85555\/revisions\/85581"}],"wp:featuredmedia":[{"embeddable":true,"href":"https:\/\/activeluxe-cosmetics.com\/rs\/wp-json\/wp\/v2\/media\/85556"}],"wp:attachment":[{"href":"https:\/\/activeluxe-cosmetics.com\/rs\/wp-json\/wp\/v2\/media?parent=85555"}],"wp:term":[{"taxonomy":"category","embeddable":true,"href":"https:\/\/activeluxe-cosmetics.com\/rs\/wp-json\/wp\/v2\/categories?post=85555"},{"taxonomy":"post_tag","embeddable":true,"href":"https:\/\/activeluxe-cosmetics.com\/rs\/wp-json\/wp\/v2\/tags?post=85555"}],"curies":[{"name":"wp","href":"https:\/\/api.w.org\/{rel}","templated":true}]}}