{"id":85553,"date":"2025-03-10T09:37:53","date_gmt":"2025-03-10T08:37:53","guid":{"rendered":"https:\/\/activeluxe-cosmetics.com\/rs\/?p=85553"},"modified":"2025-03-19T10:30:38","modified_gmt":"2025-03-19T09:30:38","slug":"najcesca-pitanja-o-proizvodima-za-rast-koseodgovori-koje-trazite","status":"publish","type":"post","link":"https:\/\/activeluxe-cosmetics.com\/rs\/2025\/03\/10\/najcesca-pitanja-o-proizvodima-za-rast-koseodgovori-koje-trazite\/","title":{"rendered":"Naj\u010de\u0161\u0107a pitanja o proizvodima za rast kose,odgovori koje tra\u017eite!"},"content":{"rendered":"\n<p>Kada je re\u010d o nezi kose, na\u0161i kupci \u010desto postavljaju pitanja o pravilnoj upotrebi proizvoda kako bi postigli najbolje rezultate. U ovom blogu odgovori\u0107emo na <strong>pet naj\u010de\u0161\u0107ih pitanja<\/strong> koja dobijamo o na\u0161im proizvodima za stimulaciju rasta kose. Pogledajte da li se prepoznajete u nekom od ovih pitanja i saznajte kako da najbolje iskoristite na\u0161e proizvode!<\/p>\n\n\n\n<h4 class=\"wp-block-heading\"><strong>1. Koliko \u010desto treba da koristim \u0161ampon i regenerator za rast kose?<\/strong><\/h4>\n\n\n\n<p>Preporu\u010dujemo kori\u0161\u0107enje na\u0161eg <strong>\u0161ampona<\/strong> pri svakom pranju kose, <strong>idealno dva do tri puta nedeljno<\/strong>. \u0160ampon ne\u017eno \u010disti vlasi\u0161te, uklanja vi\u0161ak masno\u0107e i ostale ne\u010disto\u0107e koje mogu usporiti rast kose, dok istovremeno <strong>aktivira folikule dlake<\/strong>. Nakon pranja, nanesite <strong>regenerator samo na du\u017einu i krajeve kose<\/strong> kako biste izbegli dodatno optere\u0107enje vlasi\u0161ta.<\/p>\n\n\n\n<p> <strong>Savet:<\/strong> Ako imate <strong>masno vlasi\u0161te<\/strong>, koristite na\u0161 <strong>\u0161ampon za rast kose za masnu kosu<\/strong>, koji poma\u017ee u odr\u017eavanju <strong>pH ravnote\u017ee<\/strong> vlasi\u0161ta.<\/p>\n\n\n\n<figure class=\"wp-block-image aligncenter size-large is-resized\"><img loading=\"lazy\" decoding=\"async\" width=\"683\" height=\"1024\" src=\"https:\/\/activeluxe-cosmetics.com\/rs\/wp-content\/uploads\/2024\/11\/HAIRLLINE0138-scaled-1-683x1024.jpg\" alt=\"\" class=\"wp-image-83935\" style=\"width:352px;height:auto\" srcset=\"https:\/\/activeluxe-cosmetics.com\/rs\/wp-content\/uploads\/2024\/11\/HAIRLLINE0138-scaled-1-683x1024.jpg 683w, https:\/\/activeluxe-cosmetics.com\/rs\/wp-content\/uploads\/2024\/11\/HAIRLLINE0138-scaled-1-460x690.jpg 460w, https:\/\/activeluxe-cosmetics.com\/rs\/wp-content\/uploads\/2024\/11\/HAIRLLINE0138-scaled-1-768x1152.jpg 768w, https:\/\/activeluxe-cosmetics.com\/rs\/wp-content\/uploads\/2024\/11\/HAIRLLINE0138-scaled-1-1024x1536.jpg 1024w, https:\/\/activeluxe-cosmetics.com\/rs\/wp-content\/uploads\/2024\/11\/HAIRLLINE0138-scaled-1-1366x2048.jpg 1366w, https:\/\/activeluxe-cosmetics.com\/rs\/wp-content\/uploads\/2024\/11\/HAIRLLINE0138-scaled-1-600x900.jpg 600w, https:\/\/activeluxe-cosmetics.com\/rs\/wp-content\/uploads\/2024\/11\/HAIRLLINE0138-scaled-1.jpg 1707w\" sizes=\"auto, (max-width: 683px) 100vw, 683px\" \/><\/figure>\n\n\n\n<h4 class=\"wp-block-heading\"><strong>2. Koliko dugo treba da koristim tonik za rast kose pre nego \u0161to vidim rezultate?<\/strong><\/h4>\n\n\n\n<p>Rast kose je proces koji zahteva <strong>strpljenje i doslednost<\/strong>. Na\u0161 <strong>tonik za rast kose<\/strong> formulisan je tako da pobolj\u0161ava zdravlje folikula i stimuli\u0161e rast <strong>nove kose<\/strong>. Prvi vidljivi rezultati mogu se o\u010dekivati nakon <strong>3\u20134 meseca<\/strong> redovne upotrebe, ali preporu\u010dujemo nastavak kori\u0161\u0107enja za <strong>dugoro\u010dne promene<\/strong>.<\/p>\n\n\n\n<p><strong>Savet:<\/strong> Tonik nanosite <strong>svake ve\u010deri<\/strong> na suvo ili vla\u017eno vlasi\u0161te, ne\u017eno ga umasirajte i ne ispirajte.<\/p>\n\n\n\n<figure class=\"wp-block-image aligncenter size-large is-resized\"><img loading=\"lazy\" decoding=\"async\" width=\"683\" height=\"1024\" src=\"https:\/\/activeluxe-cosmetics.com\/rs\/wp-content\/uploads\/2024\/11\/HAIRLLINE0428-1-scaled-1-683x1024.jpg\" alt=\"\" class=\"wp-image-83955\" style=\"width:369px;height:auto\" srcset=\"https:\/\/activeluxe-cosmetics.com\/rs\/wp-content\/uploads\/2024\/11\/HAIRLLINE0428-1-scaled-1-683x1024.jpg 683w, https:\/\/activeluxe-cosmetics.com\/rs\/wp-content\/uploads\/2024\/11\/HAIRLLINE0428-1-scaled-1-460x690.jpg 460w, https:\/\/activeluxe-cosmetics.com\/rs\/wp-content\/uploads\/2024\/11\/HAIRLLINE0428-1-scaled-1-768x1152.jpg 768w, https:\/\/activeluxe-cosmetics.com\/rs\/wp-content\/uploads\/2024\/11\/HAIRLLINE0428-1-scaled-1-1024x1536.jpg 1024w, https:\/\/activeluxe-cosmetics.com\/rs\/wp-content\/uploads\/2024\/11\/HAIRLLINE0428-1-scaled-1-1366x2048.jpg 1366w, https:\/\/activeluxe-cosmetics.com\/rs\/wp-content\/uploads\/2024\/11\/HAIRLLINE0428-1-scaled-1-600x900.jpg 600w, https:\/\/activeluxe-cosmetics.com\/rs\/wp-content\/uploads\/2024\/11\/HAIRLLINE0428-1-scaled-1.jpg 1707w\" sizes=\"auto, (max-width: 683px) 100vw, 683px\" \/><\/figure>\n\n\n\n<h4 class=\"wp-block-heading\"><strong>3. Mogu li koristiti proizvode ako imam osetljivo vlasi\u0161te?<\/strong><\/h4>\n\n\n\n<p>Naravno! Na\u0161i proizvodi formulirani su sa <strong>blagim, ali efikasnim sastojcima<\/strong> koji <strong>ne iritiraju vlasi\u0161te<\/strong>. Ako imate <strong>veoma osetljivu ko\u017eu<\/strong>, preporu\u010dujemo da pre prve upotrebe <strong>uradite test<\/strong>, nanesite malu koli\u010dinu proizvoda na deo vlasi\u0161ta i sa\u010dekajte <strong>24 sata<\/strong>.<\/p>\n\n\n\n<p><strong>Savet:<\/strong> Ako osetite nelagodnost, obratite se dermatologu. Aktivni sastojci poput <strong>biotina i prirodnih ekstrakata<\/strong> obi\u010dno su <strong>dobro prihva\u0107eni<\/strong> i kod osetljivih tipova ko\u017ee.<\/p>\n\n\n\n<h4 class=\"wp-block-heading\"><strong>4. Mogu li kombinovati razli\u010dite proizvode iz va\u0161e linije za kosu<\/strong><\/h4>\n\n\n\n<p>Da! <strong>Na\u0161i proizvodi su dizajnirani tako da se me\u0111usobno nadopunjuju<\/strong> i pru\u017eaju kompletnu negu kose. Na primer:<\/p>\n\n\n\n<p>\u2714 <strong>\u0160ampon<\/strong> \u2013 \u010disti vlasi\u0161te i priprema ga za nano\u0161enje drugih proizvoda.<br>\u2714 <strong>Tonik<\/strong> \u2013 deluje kao <strong>ciljani tretman<\/strong> za stimulaciju rasta kose.<br>\u2714 <strong>Derma roller<\/strong> \u2013 pobolj\u0161ava apsorpciju seruma ili tonika i pove\u0107ava efikasnost tretmana.<\/p>\n\n\n\n<p><strong>Savet:<\/strong> Za najbolje rezultate, pratite <strong>uputstva za upotrebu<\/strong> svakog proizvoda i kreirajte <strong>rutinu koja najbolje odgovara va\u0161im potrebama<\/strong>. <\/p>\n\n\n\n<figure class=\"wp-block-image aligncenter size-large is-resized\"><img loading=\"lazy\" decoding=\"async\" width=\"647\" height=\"1024\" src=\"https:\/\/activeluxe-cosmetics.com\/rs\/wp-content\/uploads\/2024\/11\/HAIRLLINE0533-scaled-1-647x1024.jpg\" alt=\"\" class=\"wp-image-83934\" style=\"width:322px;height:auto\" srcset=\"https:\/\/activeluxe-cosmetics.com\/rs\/wp-content\/uploads\/2024\/11\/HAIRLLINE0533-scaled-1-647x1024.jpg 647w, https:\/\/activeluxe-cosmetics.com\/rs\/wp-content\/uploads\/2024\/11\/HAIRLLINE0533-scaled-1-460x728.jpg 460w, https:\/\/activeluxe-cosmetics.com\/rs\/wp-content\/uploads\/2024\/11\/HAIRLLINE0533-scaled-1-768x1215.jpg 768w, https:\/\/activeluxe-cosmetics.com\/rs\/wp-content\/uploads\/2024\/11\/HAIRLLINE0533-scaled-1-971x1536.jpg 971w, https:\/\/activeluxe-cosmetics.com\/rs\/wp-content\/uploads\/2024\/11\/HAIRLLINE0533-scaled-1-1294x2048.jpg 1294w, https:\/\/activeluxe-cosmetics.com\/rs\/wp-content\/uploads\/2024\/11\/HAIRLLINE0533-scaled-1-600x949.jpg 600w, https:\/\/activeluxe-cosmetics.com\/rs\/wp-content\/uploads\/2024\/11\/HAIRLLINE0533-scaled-1.jpg 1618w\" sizes=\"auto, (max-width: 647px) 100vw, 647px\" \/><\/figure>\n\n\n\n<h4 class=\"wp-block-heading\"><strong>5. \u0160ta da radim ako se rast kose ne pobolj\u0161a?<\/strong><\/h4>\n\n\n\n<p>Rezultati mogu varirati u zavisnosti od <strong>\u017eivotnog stila, ishrane i genetskih faktora<\/strong>. Ako nakon <strong>3\u20134 meseca<\/strong> redovne upotrebe proizvoda ne primetite pobolj\u0161anje, razmotrite slede\u0107e:<\/p>\n\n\n\n<p>\ud83d\udd39 <strong>Da li dosledno koristite proizvode prema uputstvima?<\/strong><br>\ud83d\udd39 <strong>Vodite li ra\u010duna o ishrani i smanjenju stresa?<\/strong><br>\ud83d\udd39 <strong>Da li vam je vlasi\u0161te preoptere\u0107eno drugim proizvodima koji mogu zapu\u0161iti pore?<\/strong><\/p>\n\n\n\n<p><strong>Savet:<\/strong> Za dodatnu podr\u0161ku mo\u017eete uklju\u010diti proizvode poput <strong>tonika sa trostrukim delovanjem<\/strong> i konsultovati se sa stru\u010dnjakom za negu kose ili dermatologom kako biste otkrili mogu\u0107e druge uzroke problema.<\/p>\n\n\n\n<h4 class=\"wp-block-heading\"><strong>Zaklju\u010da<\/strong>k<\/h4>\n\n\n\n<p>Pravilna upotreba proizvoda klju\u010dna je za postizanje <strong>zdrave, jake i guste kose<\/strong>. <strong>Active Luxe<\/strong> proizvodi kreirani su tako da <strong>efikasno podr\u017ee rast kose<\/strong> i pomognu vam u re\u0161avanju problema sa kojima se suo\u010davate.<\/p>\n\n\n\n<p>Ako imate dodatna pitanja ili \u017eelite <strong>personalizovan savet<\/strong>, uvek smo tu za vas! Kontaktirajte nas ili posetite na\u0161u web stranicu.<\/p>\n\n\n\n<p> <strong>Va\u0161a kosa zaslu\u017euje najbolje!<\/strong> <\/p>\n\n\n\n<figure class=\"wp-block-embed is-type-wp-embed is-provider-active-luxe-cosmetics wp-block-embed-active-luxe-cosmetics\"><div class=\"wp-block-embed__wrapper\">\n<blockquote class=\"wp-embedded-content\" data-secret=\"gK6QjYjVHy\"><a href=\"https:\/\/activeluxe-cosmetics.com\/rs\/izdelek\/20-popusta-sampon-i-balzam-za-aktivni-rast-kose\/\">20% POPUSTA: \u0160ampon i balzam za aktivni rast kose<\/a><\/blockquote><iframe loading=\"lazy\" class=\"wp-embedded-content\" sandbox=\"allow-scripts\" security=\"restricted\" style=\"position: absolute; visibility: hidden;\" title=\"&#8220;20% POPUSTA: \u0160ampon i balzam za aktivni rast kose&#8221; &#8212; Active Luxe Cosmetics\" src=\"https:\/\/activeluxe-cosmetics.com\/rs\/izdelek\/20-popusta-sampon-i-balzam-za-aktivni-rast-kose\/embed\/#?secret=mhmtfghTPT#?secret=gK6QjYjVHy\" data-secret=\"gK6QjYjVHy\" width=\"600\" height=\"338\" frameborder=\"0\" marginwidth=\"0\" marginheight=\"0\" scrolling=\"no\"><\/iframe>\n<\/div><\/figure>\n","protected":false},"excerpt":{"rendered":"<p>Kada je re\u010d o nezi kose, na\u0161i kupci \u010desto postavljaju pitanja o pravilnoj upotrebi proizvoda kako bi postigli najbolje rezultate. U ovom blogu odgovori\u0107emo na&#8230;<\/p>\n","protected":false},"author":7,"featured_media":83953,"comment_status":"open","ping_status":"open","sticky":false,"template":"","format":"standard","meta":{"footnotes":""},"categories":[72],"tags":[],"class_list":["post-85553","post","type-post","status-publish","format-standard","has-post-thumbnail","hentry","category-kosa"],"acf":[],"yoast_head":"<!-- This site is optimized with the Yoast SEO plugin v26.5 - https:\/\/yoast.com\/wordpress\/plugins\/seo\/ -->\n<title>Naj\u010de\u0161\u0107a pitanja o proizvodima za rast kose,odgovori koje tra\u017eite! - Active Luxe Cosmetics<\/title>\n<meta name=\"robots\" content=\"index, follow, max-snippet:-1, max-image-preview:large, max-video-preview:-1\" \/>\n<link rel=\"canonical\" href=\"https:\/\/activeluxe-cosmetics.com\/rs\/2025\/03\/10\/najcesca-pitanja-o-proizvodima-za-rast-koseodgovori-koje-trazite\/\" \/>\n<meta property=\"og:locale\" content=\"hr_HR\" \/>\n<meta property=\"og:type\" content=\"article\" \/>\n<meta property=\"og:title\" content=\"Naj\u010de\u0161\u0107a pitanja o proizvodima za rast kose,odgovori koje tra\u017eite! - Active Luxe Cosmetics\" \/>\n<meta property=\"og:description\" content=\"Kada je re\u010d o nezi kose, na\u0161i kupci \u010desto postavljaju pitanja o pravilnoj upotrebi proizvoda kako bi postigli najbolje rezultate. U ovom blogu odgovori\u0107emo na...\" \/>\n<meta property=\"og:url\" content=\"https:\/\/activeluxe-cosmetics.com\/rs\/2025\/03\/10\/najcesca-pitanja-o-proizvodima-za-rast-koseodgovori-koje-trazite\/\" \/>\n<meta property=\"og:site_name\" content=\"Active Luxe Cosmetics\" \/>\n<meta property=\"article:published_time\" content=\"2025-03-10T08:37:53+00:00\" \/>\n<meta property=\"article:modified_time\" content=\"2025-03-19T09:30:38+00:00\" \/>\n<meta property=\"og:image\" content=\"https:\/\/activeluxe-cosmetics.com\/rs\/wp-content\/uploads\/2024\/11\/hair_linija-819x1024-1.png\" \/>\n\t<meta property=\"og:image:width\" content=\"819\" \/>\n\t<meta property=\"og:image:height\" content=\"1024\" \/>\n\t<meta property=\"og:image:type\" content=\"image\/png\" \/>\n<meta name=\"author\" content=\"Radmila\" \/>\n<meta name=\"twitter:card\" content=\"summary_large_image\" \/>\n<meta name=\"twitter:label1\" content=\"Napisao\/la\" \/>\n\t<meta name=\"twitter:data1\" content=\"Radmila\" \/>\n\t<meta name=\"twitter:label2\" content=\"Procijenjeno vrijeme \u010ditanja\" \/>\n\t<meta name=\"twitter:data2\" content=\"4 minute\" \/>\n<script type=\"application\/ld+json\" class=\"yoast-schema-graph\">{\"@context\":\"https:\/\/schema.org\",\"@graph\":[{\"@type\":\"WebPage\",\"@id\":\"https:\/\/activeluxe-cosmetics.com\/rs\/2025\/03\/10\/najcesca-pitanja-o-proizvodima-za-rast-koseodgovori-koje-trazite\/\",\"url\":\"https:\/\/activeluxe-cosmetics.com\/rs\/2025\/03\/10\/najcesca-pitanja-o-proizvodima-za-rast-koseodgovori-koje-trazite\/\",\"name\":\"Naj\u010de\u0161\u0107a pitanja o proizvodima za rast kose,odgovori koje tra\u017eite! - Active Luxe Cosmetics\",\"isPartOf\":{\"@id\":\"https:\/\/activeluxe-cosmetics.com\/rs\/#website\"},\"primaryImageOfPage\":{\"@id\":\"https:\/\/activeluxe-cosmetics.com\/rs\/2025\/03\/10\/najcesca-pitanja-o-proizvodima-za-rast-koseodgovori-koje-trazite\/#primaryimage\"},\"image\":{\"@id\":\"https:\/\/activeluxe-cosmetics.com\/rs\/2025\/03\/10\/najcesca-pitanja-o-proizvodima-za-rast-koseodgovori-koje-trazite\/#primaryimage\"},\"thumbnailUrl\":\"https:\/\/activeluxe-cosmetics.com\/rs\/wp-content\/uploads\/2024\/11\/hair_linija-819x1024-1.png\",\"datePublished\":\"2025-03-10T08:37:53+00:00\",\"dateModified\":\"2025-03-19T09:30:38+00:00\",\"author\":{\"@id\":\"https:\/\/activeluxe-cosmetics.com\/rs\/#\/schema\/person\/cfcdf8dcc01ef622e84044588216b10e\"},\"breadcrumb\":{\"@id\":\"https:\/\/activeluxe-cosmetics.com\/rs\/2025\/03\/10\/najcesca-pitanja-o-proizvodima-za-rast-koseodgovori-koje-trazite\/#breadcrumb\"},\"inLanguage\":\"hr\",\"potentialAction\":[{\"@type\":\"ReadAction\",\"target\":[\"https:\/\/activeluxe-cosmetics.com\/rs\/2025\/03\/10\/najcesca-pitanja-o-proizvodima-za-rast-koseodgovori-koje-trazite\/\"]}]},{\"@type\":\"ImageObject\",\"inLanguage\":\"hr\",\"@id\":\"https:\/\/activeluxe-cosmetics.com\/rs\/2025\/03\/10\/najcesca-pitanja-o-proizvodima-za-rast-koseodgovori-koje-trazite\/#primaryimage\",\"url\":\"https:\/\/activeluxe-cosmetics.com\/rs\/wp-content\/uploads\/2024\/11\/hair_linija-819x1024-1.png\",\"contentUrl\":\"https:\/\/activeluxe-cosmetics.com\/rs\/wp-content\/uploads\/2024\/11\/hair_linija-819x1024-1.png\",\"width\":819,\"height\":1024},{\"@type\":\"BreadcrumbList\",\"@id\":\"https:\/\/activeluxe-cosmetics.com\/rs\/2025\/03\/10\/najcesca-pitanja-o-proizvodima-za-rast-koseodgovori-koje-trazite\/#breadcrumb\",\"itemListElement\":[{\"@type\":\"ListItem\",\"position\":1,\"name\":\"Naslovnica\",\"item\":\"https:\/\/activeluxe-cosmetics.com\/rs\/\"},{\"@type\":\"ListItem\",\"position\":2,\"name\":\"Naj\u010de\u0161\u0107a pitanja o proizvodima za rast kose,odgovori koje tra\u017eite!\"}]},{\"@type\":\"WebSite\",\"@id\":\"https:\/\/activeluxe-cosmetics.com\/rs\/#website\",\"url\":\"https:\/\/activeluxe-cosmetics.com\/rs\/\",\"name\":\"Active Luxe Cosmetics\",\"description\":\"\",\"potentialAction\":[{\"@type\":\"SearchAction\",\"target\":{\"@type\":\"EntryPoint\",\"urlTemplate\":\"https:\/\/activeluxe-cosmetics.com\/rs\/?s={search_term_string}\"},\"query-input\":{\"@type\":\"PropertyValueSpecification\",\"valueRequired\":true,\"valueName\":\"search_term_string\"}}],\"inLanguage\":\"hr\"},{\"@type\":\"Person\",\"@id\":\"https:\/\/activeluxe-cosmetics.com\/rs\/#\/schema\/person\/cfcdf8dcc01ef622e84044588216b10e\",\"name\":\"Radmila\",\"image\":{\"@type\":\"ImageObject\",\"inLanguage\":\"hr\",\"@id\":\"https:\/\/activeluxe-cosmetics.com\/rs\/#\/schema\/person\/image\/\",\"url\":\"https:\/\/secure.gravatar.com\/avatar\/175fec096ba678d3c5115ec19f34c117965ef04f286c9be82d1332a022df2617?s=96&d=mm&r=g\",\"contentUrl\":\"https:\/\/secure.gravatar.com\/avatar\/175fec096ba678d3c5115ec19f34c117965ef04f286c9be82d1332a022df2617?s=96&d=mm&r=g\",\"caption\":\"Radmila\"},\"url\":\"https:\/\/activeluxe-cosmetics.com\/rs\/author\/radmila\/\"}]}<\/script>\n<!-- \/ Yoast SEO plugin. -->","yoast_head_json":{"title":"Naj\u010de\u0161\u0107a pitanja o proizvodima za rast kose,odgovori koje tra\u017eite! - Active Luxe Cosmetics","robots":{"index":"index","follow":"follow","max-snippet":"max-snippet:-1","max-image-preview":"max-image-preview:large","max-video-preview":"max-video-preview:-1"},"canonical":"https:\/\/activeluxe-cosmetics.com\/rs\/2025\/03\/10\/najcesca-pitanja-o-proizvodima-za-rast-koseodgovori-koje-trazite\/","og_locale":"hr_HR","og_type":"article","og_title":"Naj\u010de\u0161\u0107a pitanja o proizvodima za rast kose,odgovori koje tra\u017eite! - Active Luxe Cosmetics","og_description":"Kada je re\u010d o nezi kose, na\u0161i kupci \u010desto postavljaju pitanja o pravilnoj upotrebi proizvoda kako bi postigli najbolje rezultate. U ovom blogu odgovori\u0107emo na...","og_url":"https:\/\/activeluxe-cosmetics.com\/rs\/2025\/03\/10\/najcesca-pitanja-o-proizvodima-za-rast-koseodgovori-koje-trazite\/","og_site_name":"Active Luxe Cosmetics","article_published_time":"2025-03-10T08:37:53+00:00","article_modified_time":"2025-03-19T09:30:38+00:00","og_image":[{"width":819,"height":1024,"url":"https:\/\/activeluxe-cosmetics.com\/rs\/wp-content\/uploads\/2024\/11\/hair_linija-819x1024-1.png","type":"image\/png"}],"author":"Radmila","twitter_card":"summary_large_image","twitter_misc":{"Napisao\/la":"Radmila","Procijenjeno vrijeme \u010ditanja":"4 minute"},"schema":{"@context":"https:\/\/schema.org","@graph":[{"@type":"WebPage","@id":"https:\/\/activeluxe-cosmetics.com\/rs\/2025\/03\/10\/najcesca-pitanja-o-proizvodima-za-rast-koseodgovori-koje-trazite\/","url":"https:\/\/activeluxe-cosmetics.com\/rs\/2025\/03\/10\/najcesca-pitanja-o-proizvodima-za-rast-koseodgovori-koje-trazite\/","name":"Naj\u010de\u0161\u0107a pitanja o proizvodima za rast kose,odgovori koje tra\u017eite! - Active Luxe Cosmetics","isPartOf":{"@id":"https:\/\/activeluxe-cosmetics.com\/rs\/#website"},"primaryImageOfPage":{"@id":"https:\/\/activeluxe-cosmetics.com\/rs\/2025\/03\/10\/najcesca-pitanja-o-proizvodima-za-rast-koseodgovori-koje-trazite\/#primaryimage"},"image":{"@id":"https:\/\/activeluxe-cosmetics.com\/rs\/2025\/03\/10\/najcesca-pitanja-o-proizvodima-za-rast-koseodgovori-koje-trazite\/#primaryimage"},"thumbnailUrl":"https:\/\/activeluxe-cosmetics.com\/rs\/wp-content\/uploads\/2024\/11\/hair_linija-819x1024-1.png","datePublished":"2025-03-10T08:37:53+00:00","dateModified":"2025-03-19T09:30:38+00:00","author":{"@id":"https:\/\/activeluxe-cosmetics.com\/rs\/#\/schema\/person\/cfcdf8dcc01ef622e84044588216b10e"},"breadcrumb":{"@id":"https:\/\/activeluxe-cosmetics.com\/rs\/2025\/03\/10\/najcesca-pitanja-o-proizvodima-za-rast-koseodgovori-koje-trazite\/#breadcrumb"},"inLanguage":"hr","potentialAction":[{"@type":"ReadAction","target":["https:\/\/activeluxe-cosmetics.com\/rs\/2025\/03\/10\/najcesca-pitanja-o-proizvodima-za-rast-koseodgovori-koje-trazite\/"]}]},{"@type":"ImageObject","inLanguage":"hr","@id":"https:\/\/activeluxe-cosmetics.com\/rs\/2025\/03\/10\/najcesca-pitanja-o-proizvodima-za-rast-koseodgovori-koje-trazite\/#primaryimage","url":"https:\/\/activeluxe-cosmetics.com\/rs\/wp-content\/uploads\/2024\/11\/hair_linija-819x1024-1.png","contentUrl":"https:\/\/activeluxe-cosmetics.com\/rs\/wp-content\/uploads\/2024\/11\/hair_linija-819x1024-1.png","width":819,"height":1024},{"@type":"BreadcrumbList","@id":"https:\/\/activeluxe-cosmetics.com\/rs\/2025\/03\/10\/najcesca-pitanja-o-proizvodima-za-rast-koseodgovori-koje-trazite\/#breadcrumb","itemListElement":[{"@type":"ListItem","position":1,"name":"Naslovnica","item":"https:\/\/activeluxe-cosmetics.com\/rs\/"},{"@type":"ListItem","position":2,"name":"Naj\u010de\u0161\u0107a pitanja o proizvodima za rast kose,odgovori koje tra\u017eite!"}]},{"@type":"WebSite","@id":"https:\/\/activeluxe-cosmetics.com\/rs\/#website","url":"https:\/\/activeluxe-cosmetics.com\/rs\/","name":"Active Luxe Cosmetics","description":"","potentialAction":[{"@type":"SearchAction","target":{"@type":"EntryPoint","urlTemplate":"https:\/\/activeluxe-cosmetics.com\/rs\/?s={search_term_string}"},"query-input":{"@type":"PropertyValueSpecification","valueRequired":true,"valueName":"search_term_string"}}],"inLanguage":"hr"},{"@type":"Person","@id":"https:\/\/activeluxe-cosmetics.com\/rs\/#\/schema\/person\/cfcdf8dcc01ef622e84044588216b10e","name":"Radmila","image":{"@type":"ImageObject","inLanguage":"hr","@id":"https:\/\/activeluxe-cosmetics.com\/rs\/#\/schema\/person\/image\/","url":"https:\/\/secure.gravatar.com\/avatar\/175fec096ba678d3c5115ec19f34c117965ef04f286c9be82d1332a022df2617?s=96&d=mm&r=g","contentUrl":"https:\/\/secure.gravatar.com\/avatar\/175fec096ba678d3c5115ec19f34c117965ef04f286c9be82d1332a022df2617?s=96&d=mm&r=g","caption":"Radmila"},"url":"https:\/\/activeluxe-cosmetics.com\/rs\/author\/radmila\/"}]}},"_links":{"self":[{"href":"https:\/\/activeluxe-cosmetics.com\/rs\/wp-json\/wp\/v2\/posts\/85553","targetHints":{"allow":["GET"]}}],"collection":[{"href":"https:\/\/activeluxe-cosmetics.com\/rs\/wp-json\/wp\/v2\/posts"}],"about":[{"href":"https:\/\/activeluxe-cosmetics.com\/rs\/wp-json\/wp\/v2\/types\/post"}],"author":[{"embeddable":true,"href":"https:\/\/activeluxe-cosmetics.com\/rs\/wp-json\/wp\/v2\/users\/7"}],"replies":[{"embeddable":true,"href":"https:\/\/activeluxe-cosmetics.com\/rs\/wp-json\/wp\/v2\/comments?post=85553"}],"version-history":[{"count":1,"href":"https:\/\/activeluxe-cosmetics.com\/rs\/wp-json\/wp\/v2\/posts\/85553\/revisions"}],"predecessor-version":[{"id":85554,"href":"https:\/\/activeluxe-cosmetics.com\/rs\/wp-json\/wp\/v2\/posts\/85553\/revisions\/85554"}],"wp:featuredmedia":[{"embeddable":true,"href":"https:\/\/activeluxe-cosmetics.com\/rs\/wp-json\/wp\/v2\/media\/83953"}],"wp:attachment":[{"href":"https:\/\/activeluxe-cosmetics.com\/rs\/wp-json\/wp\/v2\/media?parent=85553"}],"wp:term":[{"taxonomy":"category","embeddable":true,"href":"https:\/\/activeluxe-cosmetics.com\/rs\/wp-json\/wp\/v2\/categories?post=85553"},{"taxonomy":"post_tag","embeddable":true,"href":"https:\/\/activeluxe-cosmetics.com\/rs\/wp-json\/wp\/v2\/tags?post=85553"}],"curies":[{"name":"wp","href":"https:\/\/api.w.org\/{rel}","templated":true}]}}