{"id":85173,"date":"2025-02-09T10:08:39","date_gmt":"2025-02-09T09:08:39","guid":{"rendered":"https:\/\/activeluxe-cosmetics.com\/rs\/?p=85173"},"modified":"2025-02-09T10:08:40","modified_gmt":"2025-02-09T09:08:40","slug":"kako-spreciti-gubitak-kose-nakon-porodaja","status":"publish","type":"post","link":"https:\/\/activeluxe-cosmetics.com\/rs\/2025\/02\/09\/kako-spreciti-gubitak-kose-nakon-porodaja\/","title":{"rendered":"Kako spre\u010diti gubitak kose nakon poro\u0111aja?"},"content":{"rendered":"\n<h4 class=\"wp-block-heading\"><strong>Kako spre\u010diti gubitak kose nakon poro\u0111aja?<\/strong><\/h4>\n\n\n\n<p>Poro\u0111aj je predivno, ali i veoma zahtevno iskustvo koje donosi mnoge promene u telu \u2013 jedna od tih promena je \u010desto i pove\u0107ano opadanje kose. Ako si primetila da nakon poro\u0111aja na \u010de\u0161lju ili u odvodu kupatila ostaje vi\u0161e kose nego ina\u010de, nisi jedina. Ova pojava je potpuno normalna i privremena. Me\u0111utim, postoje koraci koje mo\u017ee\u0161 preduzeti kako bi oja\u010dala kosu i smanjila njeno opadanje.<\/p>\n\n\n\n<h4 class=\"wp-block-heading\"><strong>Za\u0161to kosa opada nakon poro\u0111aja?<\/strong><\/h4>\n\n\n\n<p>Tokom trudno\u0107e, hormoni poput estrogena produ\u017euju fazu rasta kose. To zna\u010di da tokom trudno\u0107e manje kose opada, zbog \u010dega se \u010dini da je kosa gu\u0161\u0107a i ja\u010da. Me\u0111utim, nakon poro\u0111aja, nivo estrogena naglo opada, \u0161to izaziva da ve\u0107i deo kose pre\u0111e u fazu opadanja. Taj proces se naziva postporo\u0111ajni telogeni efuvij i obi\u010dno traje nekoliko meseci.<\/p>\n\n\n\n<p>Iako je ovo prirodan proces, mo\u017ee uticati na samopouzdanje. Sre\u0107om, postoje na\u010dini kako da neguje\u0161 kosu i smanji\u0161 njeno opadanje.<\/p>\n\n\n\n<figure class=\"wp-block-image size-full is-resized\"><img loading=\"lazy\" decoding=\"async\" width=\"600\" height=\"750\" src=\"https:\/\/activeluxe-cosmetics.com\/rs\/wp-content\/uploads\/2024\/12\/before_after_activeluxe_hair-600x750-1.png\" alt=\"\" class=\"wp-image-84619\" style=\"width:329px;height:auto\" srcset=\"https:\/\/activeluxe-cosmetics.com\/rs\/wp-content\/uploads\/2024\/12\/before_after_activeluxe_hair-600x750-1.png 600w, https:\/\/activeluxe-cosmetics.com\/rs\/wp-content\/uploads\/2024\/12\/before_after_activeluxe_hair-600x750-1-460x575.png 460w\" sizes=\"auto, (max-width: 600px) 100vw, 600px\" \/><\/figure>\n\n\n\n<h4 class=\"wp-block-heading\">5 efikasnih saveta za smanjenje opadanja kose nakon poro\u0111aja<\/h4>\n\n\n\n<ol class=\"wp-block-list\">\n<li><strong>Zdrava ishrana<\/strong><br>Pobrini se da tvoja ishrana sadr\u017ei proteine, gvo\u017e\u0111e, cink i vitamine poput biotina, vitamina D i vitamina B kompleksa. Ove hranljive materije poma\u017eu da oja\u010da\u0161 kosu i podstakne\u0161 njen rast.<\/li>\n\n\n\n<li><strong>Ne\u017ena nega kose<\/strong><br>Nakon poro\u0111aja, kosa je osetljivija, pa je va\u017eno postupati sa njom pa\u017eljivo. Izbegavaj grubo \u010de\u0161ljanje mokre kose, \u010dvrsto vezivanje kose u rep i \u010destu upotrebu toplinskih ure\u0111aja (stajlera za kosu, pegla za kosu).<\/li>\n\n\n\n<li><strong>Redovno masiraj vlasi\u0161te<\/strong><br>Masa\u017ea vlasi\u0161ta pobolj\u0161ava cirkulaciju krvi, \u0161to podsti\u010de rast kose. Koristi prirodna ulja, poput arganovog ulja, za dodatnu negu.<\/li>\n\n\n\n<li><strong>Izbegavaj stres<\/strong><br>Stres je \u010dest uzrok opadanja kose. Isprobaj tehnike opu\u0161tanja, poput joge, meditacije ili jednostavnih \u0161etnji u prirodi.<\/li>\n\n\n\n<li><strong>Koristi kvalitetne proizvode za negu kose<\/strong><br>Pravi izbor \u0161ampona je klju\u010dan za spre\u010davanje opadanja kose! Na\u0161 \u0161ampon <em>Active Growth<\/em> za ja\u010danje i rast kose posebno je razvijen za mame koje se suo\u010davaju sa postporo\u0111ajnim opadanjem kose.<\/li>\n<\/ol>\n\n\n\n<figure class=\"wp-block-image size-full is-resized\"><img loading=\"lazy\" decoding=\"async\" width=\"1104\" height=\"1326\" src=\"https:\/\/activeluxe-cosmetics.com\/rs\/wp-content\/uploads\/2025\/01\/37_ShampooOily.jpg\" alt=\"\" class=\"wp-image-84874\" style=\"width:322px;height:auto\" srcset=\"https:\/\/activeluxe-cosmetics.com\/rs\/wp-content\/uploads\/2025\/01\/37_ShampooOily.jpg 1104w, https:\/\/activeluxe-cosmetics.com\/rs\/wp-content\/uploads\/2025\/01\/37_ShampooOily-460x553.jpg 460w, https:\/\/activeluxe-cosmetics.com\/rs\/wp-content\/uploads\/2025\/01\/37_ShampooOily-853x1024.jpg 853w, https:\/\/activeluxe-cosmetics.com\/rs\/wp-content\/uploads\/2025\/01\/37_ShampooOily-768x922.jpg 768w, https:\/\/activeluxe-cosmetics.com\/rs\/wp-content\/uploads\/2025\/01\/37_ShampooOily-600x721.jpg 600w\" sizes=\"auto, (max-width: 1104px) 100vw, 1104px\" \/><\/figure>\n\n\n\n<h4 class=\"wp-block-heading\"><strong>\u0160ta mo\u017ee\u0161 o\u010dekivati?<\/strong><\/h4>\n\n\n\n<p>Uz redovnu upotrebu kvalitetnih proizvoda, poput na\u0161eg \u0161ampona, i pridr\u017eavanje gore navedenih saveta, mo\u017ee\u0161 ubla\u017eiti postporo\u0111ajno opadanje kose i osigurati br\u017ei oporavak svoje kose. Ne zaboravi da je svaki organizam jedinstven \u2013 budi strpljiva i daj svojoj kosi vremena da se oporavi.<\/p>\n\n\n\n<p>Ako \u017eeli\u0161 da isproba\u0161 na\u0161 \u0161ampon, poseti na\u0161u online prodavnicu ili nas kontaktiraj za vi\u0161e informacija. Tvoja kosa zaslu\u017euje najbolju negu!<\/p>\n\n\n\n<figure class=\"wp-block-embed is-type-wp-embed is-provider-active-luxe-cosmetics wp-block-embed-active-luxe-cosmetics\"><div class=\"wp-block-embed__wrapper\">\n<blockquote class=\"wp-embedded-content\" data-secret=\"BKmT1mOtq5\"><a href=\"https:\/\/activeluxe-cosmetics.com\/rs\/izdelek\/dva-sampona-za-rast-kose-i-gratis-serum-za-rast-trepavica-tretman-od-40-dana\/\">Dva \u0161ampon za rast kose i GRATIS serum za rast trepavica, tretman od 40 dana<\/a><\/blockquote><iframe loading=\"lazy\" class=\"wp-embedded-content\" sandbox=\"allow-scripts\" security=\"restricted\" style=\"position: absolute; visibility: hidden;\" title=\"&#8220;Dva \u0161ampon za rast kose i GRATIS serum za rast trepavica, tretman od 40 dana&#8221; &#8212; Active Luxe Cosmetics\" src=\"https:\/\/activeluxe-cosmetics.com\/rs\/izdelek\/dva-sampona-za-rast-kose-i-gratis-serum-za-rast-trepavica-tretman-od-40-dana\/embed\/#?secret=SSAVmXRpc2#?secret=BKmT1mOtq5\" data-secret=\"BKmT1mOtq5\" width=\"600\" height=\"338\" frameborder=\"0\" marginwidth=\"0\" marginheight=\"0\" scrolling=\"no\"><\/iframe>\n<\/div><\/figure>\n","protected":false},"excerpt":{"rendered":"<p>Kako spre\u010diti gubitak kose nakon poro\u0111aja? Poro\u0111aj je predivno, ali i veoma zahtevno iskustvo koje donosi mnoge promene u telu \u2013 jedna od tih promena&#8230;<\/p>\n","protected":false},"author":7,"featured_media":80772,"comment_status":"open","ping_status":"open","sticky":false,"template":"","format":"standard","meta":{"footnotes":""},"categories":[72],"tags":[],"class_list":["post-85173","post","type-post","status-publish","format-standard","has-post-thumbnail","hentry","category-kosa"],"acf":[],"yoast_head":"<!-- This site is optimized with the Yoast SEO plugin v26.5 - https:\/\/yoast.com\/wordpress\/plugins\/seo\/ -->\n<title>Kako spre\u010diti gubitak kose nakon poro\u0111aja? - Active Luxe Cosmetics<\/title>\n<meta name=\"robots\" content=\"index, follow, max-snippet:-1, max-image-preview:large, max-video-preview:-1\" \/>\n<link rel=\"canonical\" href=\"https:\/\/activeluxe-cosmetics.com\/rs\/2025\/02\/09\/kako-spreciti-gubitak-kose-nakon-porodaja\/\" \/>\n<meta property=\"og:locale\" content=\"hr_HR\" \/>\n<meta property=\"og:type\" content=\"article\" \/>\n<meta property=\"og:title\" content=\"Kako spre\u010diti gubitak kose nakon poro\u0111aja? - Active Luxe Cosmetics\" \/>\n<meta property=\"og:description\" content=\"Kako spre\u010diti gubitak kose nakon poro\u0111aja? Poro\u0111aj je predivno, ali i veoma zahtevno iskustvo koje donosi mnoge promene u telu \u2013 jedna od tih promena...\" \/>\n<meta property=\"og:url\" content=\"https:\/\/activeluxe-cosmetics.com\/rs\/2025\/02\/09\/kako-spreciti-gubitak-kose-nakon-porodaja\/\" \/>\n<meta property=\"og:site_name\" content=\"Active Luxe Cosmetics\" \/>\n<meta property=\"article:published_time\" content=\"2025-02-09T09:08:39+00:00\" \/>\n<meta property=\"article:modified_time\" content=\"2025-02-09T09:08:40+00:00\" \/>\n<meta property=\"og:image\" content=\"https:\/\/activeluxe-cosmetics.com\/rs\/wp-content\/uploads\/2024\/01\/Group-391-30.jpg\" \/>\n\t<meta property=\"og:image:width\" content=\"575\" \/>\n\t<meta property=\"og:image:height\" content=\"744\" \/>\n\t<meta property=\"og:image:type\" content=\"image\/jpeg\" \/>\n<meta name=\"author\" content=\"Radmila\" \/>\n<meta name=\"twitter:card\" content=\"summary_large_image\" \/>\n<meta name=\"twitter:label1\" content=\"Napisao\/la\" \/>\n\t<meta name=\"twitter:data1\" content=\"Radmila\" \/>\n\t<meta name=\"twitter:label2\" content=\"Procijenjeno vrijeme \u010ditanja\" \/>\n\t<meta name=\"twitter:data2\" content=\"3 minute\" \/>\n<script type=\"application\/ld+json\" class=\"yoast-schema-graph\">{\"@context\":\"https:\/\/schema.org\",\"@graph\":[{\"@type\":\"WebPage\",\"@id\":\"https:\/\/activeluxe-cosmetics.com\/rs\/2025\/02\/09\/kako-spreciti-gubitak-kose-nakon-porodaja\/\",\"url\":\"https:\/\/activeluxe-cosmetics.com\/rs\/2025\/02\/09\/kako-spreciti-gubitak-kose-nakon-porodaja\/\",\"name\":\"Kako spre\u010diti gubitak kose nakon poro\u0111aja? - Active Luxe Cosmetics\",\"isPartOf\":{\"@id\":\"https:\/\/activeluxe-cosmetics.com\/rs\/#website\"},\"primaryImageOfPage\":{\"@id\":\"https:\/\/activeluxe-cosmetics.com\/rs\/2025\/02\/09\/kako-spreciti-gubitak-kose-nakon-porodaja\/#primaryimage\"},\"image\":{\"@id\":\"https:\/\/activeluxe-cosmetics.com\/rs\/2025\/02\/09\/kako-spreciti-gubitak-kose-nakon-porodaja\/#primaryimage\"},\"thumbnailUrl\":\"https:\/\/activeluxe-cosmetics.com\/rs\/wp-content\/uploads\/2024\/01\/Group-391-30.jpg\",\"datePublished\":\"2025-02-09T09:08:39+00:00\",\"dateModified\":\"2025-02-09T09:08:40+00:00\",\"author\":{\"@id\":\"https:\/\/activeluxe-cosmetics.com\/rs\/#\/schema\/person\/cfcdf8dcc01ef622e84044588216b10e\"},\"breadcrumb\":{\"@id\":\"https:\/\/activeluxe-cosmetics.com\/rs\/2025\/02\/09\/kako-spreciti-gubitak-kose-nakon-porodaja\/#breadcrumb\"},\"inLanguage\":\"hr\",\"potentialAction\":[{\"@type\":\"ReadAction\",\"target\":[\"https:\/\/activeluxe-cosmetics.com\/rs\/2025\/02\/09\/kako-spreciti-gubitak-kose-nakon-porodaja\/\"]}]},{\"@type\":\"ImageObject\",\"inLanguage\":\"hr\",\"@id\":\"https:\/\/activeluxe-cosmetics.com\/rs\/2025\/02\/09\/kako-spreciti-gubitak-kose-nakon-porodaja\/#primaryimage\",\"url\":\"https:\/\/activeluxe-cosmetics.com\/rs\/wp-content\/uploads\/2024\/01\/Group-391-30.jpg\",\"contentUrl\":\"https:\/\/activeluxe-cosmetics.com\/rs\/wp-content\/uploads\/2024\/01\/Group-391-30.jpg\",\"width\":575,\"height\":744},{\"@type\":\"BreadcrumbList\",\"@id\":\"https:\/\/activeluxe-cosmetics.com\/rs\/2025\/02\/09\/kako-spreciti-gubitak-kose-nakon-porodaja\/#breadcrumb\",\"itemListElement\":[{\"@type\":\"ListItem\",\"position\":1,\"name\":\"Naslovnica\",\"item\":\"https:\/\/activeluxe-cosmetics.com\/rs\/\"},{\"@type\":\"ListItem\",\"position\":2,\"name\":\"Kako spre\u010diti gubitak kose nakon poro\u0111aja?\"}]},{\"@type\":\"WebSite\",\"@id\":\"https:\/\/activeluxe-cosmetics.com\/rs\/#website\",\"url\":\"https:\/\/activeluxe-cosmetics.com\/rs\/\",\"name\":\"Active Luxe Cosmetics\",\"description\":\"\",\"potentialAction\":[{\"@type\":\"SearchAction\",\"target\":{\"@type\":\"EntryPoint\",\"urlTemplate\":\"https:\/\/activeluxe-cosmetics.com\/rs\/?s={search_term_string}\"},\"query-input\":{\"@type\":\"PropertyValueSpecification\",\"valueRequired\":true,\"valueName\":\"search_term_string\"}}],\"inLanguage\":\"hr\"},{\"@type\":\"Person\",\"@id\":\"https:\/\/activeluxe-cosmetics.com\/rs\/#\/schema\/person\/cfcdf8dcc01ef622e84044588216b10e\",\"name\":\"Radmila\",\"image\":{\"@type\":\"ImageObject\",\"inLanguage\":\"hr\",\"@id\":\"https:\/\/activeluxe-cosmetics.com\/rs\/#\/schema\/person\/image\/\",\"url\":\"https:\/\/secure.gravatar.com\/avatar\/175fec096ba678d3c5115ec19f34c117965ef04f286c9be82d1332a022df2617?s=96&d=mm&r=g\",\"contentUrl\":\"https:\/\/secure.gravatar.com\/avatar\/175fec096ba678d3c5115ec19f34c117965ef04f286c9be82d1332a022df2617?s=96&d=mm&r=g\",\"caption\":\"Radmila\"},\"url\":\"https:\/\/activeluxe-cosmetics.com\/rs\/author\/radmila\/\"}]}<\/script>\n<!-- \/ Yoast SEO plugin. -->","yoast_head_json":{"title":"Kako spre\u010diti gubitak kose nakon poro\u0111aja? - Active Luxe Cosmetics","robots":{"index":"index","follow":"follow","max-snippet":"max-snippet:-1","max-image-preview":"max-image-preview:large","max-video-preview":"max-video-preview:-1"},"canonical":"https:\/\/activeluxe-cosmetics.com\/rs\/2025\/02\/09\/kako-spreciti-gubitak-kose-nakon-porodaja\/","og_locale":"hr_HR","og_type":"article","og_title":"Kako spre\u010diti gubitak kose nakon poro\u0111aja? - Active Luxe Cosmetics","og_description":"Kako spre\u010diti gubitak kose nakon poro\u0111aja? Poro\u0111aj je predivno, ali i veoma zahtevno iskustvo koje donosi mnoge promene u telu \u2013 jedna od tih promena...","og_url":"https:\/\/activeluxe-cosmetics.com\/rs\/2025\/02\/09\/kako-spreciti-gubitak-kose-nakon-porodaja\/","og_site_name":"Active Luxe Cosmetics","article_published_time":"2025-02-09T09:08:39+00:00","article_modified_time":"2025-02-09T09:08:40+00:00","og_image":[{"width":575,"height":744,"url":"https:\/\/activeluxe-cosmetics.com\/rs\/wp-content\/uploads\/2024\/01\/Group-391-30.jpg","type":"image\/jpeg"}],"author":"Radmila","twitter_card":"summary_large_image","twitter_misc":{"Napisao\/la":"Radmila","Procijenjeno vrijeme \u010ditanja":"3 minute"},"schema":{"@context":"https:\/\/schema.org","@graph":[{"@type":"WebPage","@id":"https:\/\/activeluxe-cosmetics.com\/rs\/2025\/02\/09\/kako-spreciti-gubitak-kose-nakon-porodaja\/","url":"https:\/\/activeluxe-cosmetics.com\/rs\/2025\/02\/09\/kako-spreciti-gubitak-kose-nakon-porodaja\/","name":"Kako spre\u010diti gubitak kose nakon poro\u0111aja? - Active Luxe Cosmetics","isPartOf":{"@id":"https:\/\/activeluxe-cosmetics.com\/rs\/#website"},"primaryImageOfPage":{"@id":"https:\/\/activeluxe-cosmetics.com\/rs\/2025\/02\/09\/kako-spreciti-gubitak-kose-nakon-porodaja\/#primaryimage"},"image":{"@id":"https:\/\/activeluxe-cosmetics.com\/rs\/2025\/02\/09\/kako-spreciti-gubitak-kose-nakon-porodaja\/#primaryimage"},"thumbnailUrl":"https:\/\/activeluxe-cosmetics.com\/rs\/wp-content\/uploads\/2024\/01\/Group-391-30.jpg","datePublished":"2025-02-09T09:08:39+00:00","dateModified":"2025-02-09T09:08:40+00:00","author":{"@id":"https:\/\/activeluxe-cosmetics.com\/rs\/#\/schema\/person\/cfcdf8dcc01ef622e84044588216b10e"},"breadcrumb":{"@id":"https:\/\/activeluxe-cosmetics.com\/rs\/2025\/02\/09\/kako-spreciti-gubitak-kose-nakon-porodaja\/#breadcrumb"},"inLanguage":"hr","potentialAction":[{"@type":"ReadAction","target":["https:\/\/activeluxe-cosmetics.com\/rs\/2025\/02\/09\/kako-spreciti-gubitak-kose-nakon-porodaja\/"]}]},{"@type":"ImageObject","inLanguage":"hr","@id":"https:\/\/activeluxe-cosmetics.com\/rs\/2025\/02\/09\/kako-spreciti-gubitak-kose-nakon-porodaja\/#primaryimage","url":"https:\/\/activeluxe-cosmetics.com\/rs\/wp-content\/uploads\/2024\/01\/Group-391-30.jpg","contentUrl":"https:\/\/activeluxe-cosmetics.com\/rs\/wp-content\/uploads\/2024\/01\/Group-391-30.jpg","width":575,"height":744},{"@type":"BreadcrumbList","@id":"https:\/\/activeluxe-cosmetics.com\/rs\/2025\/02\/09\/kako-spreciti-gubitak-kose-nakon-porodaja\/#breadcrumb","itemListElement":[{"@type":"ListItem","position":1,"name":"Naslovnica","item":"https:\/\/activeluxe-cosmetics.com\/rs\/"},{"@type":"ListItem","position":2,"name":"Kako spre\u010diti gubitak kose nakon poro\u0111aja?"}]},{"@type":"WebSite","@id":"https:\/\/activeluxe-cosmetics.com\/rs\/#website","url":"https:\/\/activeluxe-cosmetics.com\/rs\/","name":"Active Luxe Cosmetics","description":"","potentialAction":[{"@type":"SearchAction","target":{"@type":"EntryPoint","urlTemplate":"https:\/\/activeluxe-cosmetics.com\/rs\/?s={search_term_string}"},"query-input":{"@type":"PropertyValueSpecification","valueRequired":true,"valueName":"search_term_string"}}],"inLanguage":"hr"},{"@type":"Person","@id":"https:\/\/activeluxe-cosmetics.com\/rs\/#\/schema\/person\/cfcdf8dcc01ef622e84044588216b10e","name":"Radmila","image":{"@type":"ImageObject","inLanguage":"hr","@id":"https:\/\/activeluxe-cosmetics.com\/rs\/#\/schema\/person\/image\/","url":"https:\/\/secure.gravatar.com\/avatar\/175fec096ba678d3c5115ec19f34c117965ef04f286c9be82d1332a022df2617?s=96&d=mm&r=g","contentUrl":"https:\/\/secure.gravatar.com\/avatar\/175fec096ba678d3c5115ec19f34c117965ef04f286c9be82d1332a022df2617?s=96&d=mm&r=g","caption":"Radmila"},"url":"https:\/\/activeluxe-cosmetics.com\/rs\/author\/radmila\/"}]}},"_links":{"self":[{"href":"https:\/\/activeluxe-cosmetics.com\/rs\/wp-json\/wp\/v2\/posts\/85173","targetHints":{"allow":["GET"]}}],"collection":[{"href":"https:\/\/activeluxe-cosmetics.com\/rs\/wp-json\/wp\/v2\/posts"}],"about":[{"href":"https:\/\/activeluxe-cosmetics.com\/rs\/wp-json\/wp\/v2\/types\/post"}],"author":[{"embeddable":true,"href":"https:\/\/activeluxe-cosmetics.com\/rs\/wp-json\/wp\/v2\/users\/7"}],"replies":[{"embeddable":true,"href":"https:\/\/activeluxe-cosmetics.com\/rs\/wp-json\/wp\/v2\/comments?post=85173"}],"version-history":[{"count":2,"href":"https:\/\/activeluxe-cosmetics.com\/rs\/wp-json\/wp\/v2\/posts\/85173\/revisions"}],"predecessor-version":[{"id":85175,"href":"https:\/\/activeluxe-cosmetics.com\/rs\/wp-json\/wp\/v2\/posts\/85173\/revisions\/85175"}],"wp:featuredmedia":[{"embeddable":true,"href":"https:\/\/activeluxe-cosmetics.com\/rs\/wp-json\/wp\/v2\/media\/80772"}],"wp:attachment":[{"href":"https:\/\/activeluxe-cosmetics.com\/rs\/wp-json\/wp\/v2\/media?parent=85173"}],"wp:term":[{"taxonomy":"category","embeddable":true,"href":"https:\/\/activeluxe-cosmetics.com\/rs\/wp-json\/wp\/v2\/categories?post=85173"},{"taxonomy":"post_tag","embeddable":true,"href":"https:\/\/activeluxe-cosmetics.com\/rs\/wp-json\/wp\/v2\/tags?post=85173"}],"curies":[{"name":"wp","href":"https:\/\/api.w.org\/{rel}","templated":true}]}}