{"id":84940,"date":"2025-01-20T09:49:58","date_gmt":"2025-01-20T08:49:58","guid":{"rendered":"https:\/\/activeluxe-cosmetics.com\/rs\/?p=84940"},"modified":"2025-01-20T09:49:59","modified_gmt":"2025-01-20T08:49:59","slug":"vodic-za-negu-i-rast-kose","status":"publish","type":"post","link":"https:\/\/activeluxe-cosmetics.com\/rs\/2025\/01\/20\/vodic-za-negu-i-rast-kose\/","title":{"rendered":"Vodi\u010d za negu i rast kose"},"content":{"rendered":"\n<p>Negovana, zdrava kosa zahteva pravilnu upotrebu odgovaraju\u0107ih proizvoda. Ako \u017eelite da postignete najbolje rezultate, neophodno je da ih koristite po pravilnom redosledu. U ovom blogu \u0107emo objasniti kako da pravilno koristite \u0161ampon, balzam, tonik za rast kose i derma roller kako biste podstakli zdravlje i rast kose.<\/p>\n\n\n\n<p><\/p>\n\n\n\n<h4 class=\"wp-block-heading\">1. \u0160ampon: Prvi korak ka \u010distoj kosi<\/h4>\n\n\n\n<p>\u0160amponiranje je osnova svake rutine nege kose. \u0160ampon uklanja ne\u010disto\u0107e, vi\u0161ak sebuma i ostatke proizvoda sa tjemena i dlake.<\/p>\n\n\n\n<p>Kako koristiti:<\/p>\n\n\n\n<p>\u2022 Pre \u0161amponiranja dobro isperite kosu mlakom vodom kako biste otvorili kutikulu dlake i olak\u0161ali \u010di\u0161\u0107enje.<\/p>\n\n\n\n<p>\u2022 Nanesite \u0161ampon na dlan, zapenite ga i lagano umasirajte u teme. Fokusirajte se na ko\u017eu glave jer tu nastaje ve\u0107ina ne\u010disto\u0107a.<\/p>\n\n\n\n<p>\u2022 Izbegavajte grubo trljanje du\u017eine kose kako ne biste o\u0161tetili dlaku.<\/p>\n\n\n\n<p>\u2022 Isperite \u0161ampon temeljno.<\/p>\n\n\n\n<p>Napomena: Koristite \u0161ampon koji odgovara va\u0161em tipu kose (suva, masna, normalna, tretirana).<\/p>\n\n\n\n<p><\/p>\n\n\n\n<figure class=\"wp-block-image aligncenter size-large is-resized\"><img loading=\"lazy\" decoding=\"async\" width=\"726\" height=\"1024\" src=\"https:\/\/activeluxe-cosmetics.com\/rs\/wp-content\/uploads\/2024\/01\/AL_Hair_Category_Banner_Mobile-1-726x1024.jpg\" alt=\"\" class=\"wp-image-84779\" style=\"width:346px;height:auto\" srcset=\"https:\/\/activeluxe-cosmetics.com\/rs\/wp-content\/uploads\/2024\/01\/AL_Hair_Category_Banner_Mobile-1-726x1024.jpg 726w, https:\/\/activeluxe-cosmetics.com\/rs\/wp-content\/uploads\/2024\/01\/AL_Hair_Category_Banner_Mobile-1-460x649.jpg 460w, https:\/\/activeluxe-cosmetics.com\/rs\/wp-content\/uploads\/2024\/01\/AL_Hair_Category_Banner_Mobile-1-768x1083.jpg 768w, https:\/\/activeluxe-cosmetics.com\/rs\/wp-content\/uploads\/2024\/01\/AL_Hair_Category_Banner_Mobile-1-600x846.jpg 600w, https:\/\/activeluxe-cosmetics.com\/rs\/wp-content\/uploads\/2024\/01\/AL_Hair_Category_Banner_Mobile-1.jpg 780w\" sizes=\"auto, (max-width: 726px) 100vw, 726px\" \/><\/figure>\n\n\n\n<p><\/p>\n\n\n\n<h4 class=\"wp-block-heading\">2. Balzam: Hidratacija i za\u0161tita<\/h4>\n\n\n\n<p>Balzam je neophodan da omek\u0161a va\u0161u kosu, smanjenji lomljenje i za\u0161tititi je od spoljnih uticaja. On zatvara kutikulu dlake nakon pranja, \u010dine\u0107i kosu glatkom i sjajnom.<\/p>\n\n\n\n<p>Kako koristiti:<\/p>\n\n\n\n<p>\u2022 Nakon \u0161to isperete \u0161ampon, lagano istisnite vi\u0161ak vode iz kose.<\/p>\n\n\n\n<p>\u2022 Nanesite balzam samo na du\u017einu kose i krajeve \u2013 izbegavajte nano\u0161enje na teme kako biste spre\u010dili prekomerno ma\u0161\u0107enje.<\/p>\n\n\n\n<p>\u2022 Ostavite balzam da deluje 2-5 minuta, u zavisnosti od preporuka na pakovanju, a zatim ga temeljno isperite hladnijom vodom kako biste zatvorili kutikulu dlake.<\/p>\n\n\n\n<p><\/p>\n\n\n\n<figure class=\"wp-block-image aligncenter size-full is-resized\"><img loading=\"lazy\" decoding=\"async\" width=\"600\" height=\"750\" src=\"https:\/\/activeluxe-cosmetics.com\/rs\/wp-content\/uploads\/2024\/12\/before_after_activeluxe_hair-600x750-1.png\" alt=\"\" class=\"wp-image-84619\" style=\"width:352px;height:auto\" srcset=\"https:\/\/activeluxe-cosmetics.com\/rs\/wp-content\/uploads\/2024\/12\/before_after_activeluxe_hair-600x750-1.png 600w, https:\/\/activeluxe-cosmetics.com\/rs\/wp-content\/uploads\/2024\/12\/before_after_activeluxe_hair-600x750-1-460x575.png 460w\" sizes=\"auto, (max-width: 600px) 100vw, 600px\" \/><\/figure>\n\n\n\n<p><\/p>\n\n\n\n<h4 class=\"wp-block-heading\">3. Tonik za rast kose: Nega ko\u017ee glave<\/h4>\n\n\n\n<p>Tonik za rast kose je klju\u010dan korak u stimulaciji folikula dlake. Ovaj proizvod sadr\u017ei aktivne sastojke koji pobolj\u0161avaju cirkulaciju u temenu, podsti\u010du\u0107i rast nove, zdrave kose.<\/p>\n\n\n\n<p>Kako koristiti:<\/p>\n\n\n\n<p>\u2022 Posle pranja i su\u0161enja kose (mo\u017eete je ostaviti blago vla\u017enom), nanesite tonik direktno na teme.<\/p>\n\n\n\n<p>\u2022 Fokusirajte se na problemati\u010dne oblasti poput zalizaka ili temena gde je rast kose usporen.<\/p>\n\n\n\n<p>\u2022 Laganim, kru\u017enim pokretima masirajte tonik u ko\u017eu glave. Masa\u017ea poma\u017ee boljoj apsorpciji proizvoda i podsti\u010de protok krvi.<\/p>\n\n\n\n<p>Napomena: Tonik ne ispirajte, ostavite ga da deluje dok se kosa prirodno su\u0161i.<\/p>\n\n\n\n<p><\/p>\n\n\n\n<figure class=\"wp-block-image aligncenter size-large is-resized\"><img loading=\"lazy\" decoding=\"async\" width=\"683\" height=\"1024\" src=\"https:\/\/activeluxe-cosmetics.com\/rs\/wp-content\/uploads\/2024\/11\/HAIRLLINE00661-scaled-1-683x1024.jpg\" alt=\"\" class=\"wp-image-83956\" style=\"width:317px;height:auto\" srcset=\"https:\/\/activeluxe-cosmetics.com\/rs\/wp-content\/uploads\/2024\/11\/HAIRLLINE00661-scaled-1-683x1024.jpg 683w, https:\/\/activeluxe-cosmetics.com\/rs\/wp-content\/uploads\/2024\/11\/HAIRLLINE00661-scaled-1-460x690.jpg 460w, https:\/\/activeluxe-cosmetics.com\/rs\/wp-content\/uploads\/2024\/11\/HAIRLLINE00661-scaled-1-768x1152.jpg 768w, https:\/\/activeluxe-cosmetics.com\/rs\/wp-content\/uploads\/2024\/11\/HAIRLLINE00661-scaled-1-1024x1536.jpg 1024w, https:\/\/activeluxe-cosmetics.com\/rs\/wp-content\/uploads\/2024\/11\/HAIRLLINE00661-scaled-1-1366x2048.jpg 1366w, https:\/\/activeluxe-cosmetics.com\/rs\/wp-content\/uploads\/2024\/11\/HAIRLLINE00661-scaled-1-600x900.jpg 600w, https:\/\/activeluxe-cosmetics.com\/rs\/wp-content\/uploads\/2024\/11\/HAIRLLINE00661-scaled-1.jpg 1707w\" sizes=\"auto, (max-width: 683px) 100vw, 683px\" \/><\/figure>\n\n\n\n<p><\/p>\n\n\n\n<h4 class=\"wp-block-heading\">4. Derma roller: Stimulacija temena<\/h4>\n\n\n\n<p>Derma roller je ure\u0111aj sa mikroiglicama koji poma\u017ee boljoj apsorpciji proizvoda i stimulaciji folikula. Kori\u0161\u0107enje derma rollera u kombinaciji sa tonikom mo\u017ee zna\u010dajno ubrzati rast kose.<\/p>\n\n\n\n<p>Kako koristiti:<\/p>\n\n\n\n<p>\u2022 Koristite derma roller na \u010distom temenu, idealno nakon nano\u0161enja tonika.<\/p>\n\n\n\n<p>\u2022 Lagano prelazite derma rollerom preko problemati\u010dnih podru\u010dja. Pomerajte ga u pravcu napred-nazad, levo-desno i dijagonalno.<\/p>\n\n\n\n<p>\u2022 Nemojte previ\u0161e pritiskati, cilj je stimulacija, a ne iritacija ko\u017ee.<\/p>\n\n\n\n<p>\u2022 Ovaj tretman ponavljajte 2-3 puta nedeljno, ne \u010de\u0161\u0107e, kako biste dali ko\u017ei vremena da se regeneri\u0161e.<\/p>\n\n\n\n<p>Napomena: Nakon kori\u0161\u0107enja derma rollera, izbegavajte izlaganje suncu i obavezno dezinfikujte ure\u0111aj pre i posle upotrebe.<\/p>\n\n\n\n<p><\/p>\n\n\n\n<figure class=\"wp-block-image aligncenter size-full is-resized\"><img loading=\"lazy\" decoding=\"async\" width=\"581\" height=\"744\" src=\"https:\/\/activeluxe-cosmetics.com\/rs\/wp-content\/uploads\/2024\/11\/Group-345-2.jpg\" alt=\"\" class=\"wp-image-83961\" style=\"width:326px;height:auto\" srcset=\"https:\/\/activeluxe-cosmetics.com\/rs\/wp-content\/uploads\/2024\/11\/Group-345-2.jpg 581w, https:\/\/activeluxe-cosmetics.com\/rs\/wp-content\/uploads\/2024\/11\/Group-345-2-460x589.jpg 460w\" sizes=\"auto, (max-width: 581px) 100vw, 581px\" \/><\/figure>\n\n\n\n<p><\/p>\n\n\n\n<h4 class=\"wp-block-heading\">Zaklju\u010dak: Pravilna rutina je klju\u010d<\/h4>\n\n\n\n<p>Kori\u0161\u0107enje proizvoda u pravilnom redosledu \u2013 \u0161ampon, balzam, tonik i derma roller \u2013 poma\u017ee vam da o\u010distite, negujete i stimuli\u0161ete kosu na najbolji na\u010din. Redovnim pra\u0107enjem ove rutine ne samo da \u0107ete oja\u010dati postoje\u0107u kosu ve\u0107 \u0107ete podsta\u0107i i rast nove, zdravije dlake.<\/p>\n\n\n\n<p>Uz strpljenje i disciplinu, rezultati ne\u0107e izostati!<\/p>\n","protected":false},"excerpt":{"rendered":"<p>Negovana, zdrava kosa zahteva pravilnu upotrebu odgovaraju\u0107ih proizvoda. Ako \u017eelite da postignete najbolje rezultate, neophodno je da ih koristite po pravilnom redosledu. U ovom blogu&#8230;<\/p>\n","protected":false},"author":7,"featured_media":83936,"comment_status":"open","ping_status":"open","sticky":false,"template":"","format":"standard","meta":{"footnotes":""},"categories":[72],"tags":[],"class_list":["post-84940","post","type-post","status-publish","format-standard","has-post-thumbnail","hentry","category-kosa"],"acf":[],"yoast_head":"<!-- This site is optimized with the Yoast SEO plugin v26.5 - https:\/\/yoast.com\/wordpress\/plugins\/seo\/ -->\n<title>Vodi\u010d za negu i rast kose - Active Luxe Cosmetics<\/title>\n<meta name=\"robots\" content=\"index, follow, max-snippet:-1, max-image-preview:large, max-video-preview:-1\" \/>\n<link rel=\"canonical\" href=\"https:\/\/activeluxe-cosmetics.com\/rs\/2025\/01\/20\/vodic-za-negu-i-rast-kose\/\" \/>\n<meta property=\"og:locale\" content=\"hr_HR\" \/>\n<meta property=\"og:type\" content=\"article\" \/>\n<meta property=\"og:title\" content=\"Vodi\u010d za negu i rast kose - Active Luxe Cosmetics\" \/>\n<meta property=\"og:description\" content=\"Negovana, zdrava kosa zahteva pravilnu upotrebu odgovaraju\u0107ih proizvoda. Ako \u017eelite da postignete najbolje rezultate, neophodno je da ih koristite po pravilnom redosledu. U ovom blogu...\" \/>\n<meta property=\"og:url\" content=\"https:\/\/activeluxe-cosmetics.com\/rs\/2025\/01\/20\/vodic-za-negu-i-rast-kose\/\" \/>\n<meta property=\"og:site_name\" content=\"Active Luxe Cosmetics\" \/>\n<meta property=\"article:published_time\" content=\"2025-01-20T08:49:58+00:00\" \/>\n<meta property=\"article:modified_time\" content=\"2025-01-20T08:49:59+00:00\" \/>\n<meta property=\"og:image\" content=\"https:\/\/activeluxe-cosmetics.com\/rs\/wp-content\/uploads\/2024\/11\/HAIRLLINE0369111-scaled-1.jpg\" \/>\n\t<meta property=\"og:image:width\" content=\"1707\" \/>\n\t<meta property=\"og:image:height\" content=\"2560\" \/>\n\t<meta property=\"og:image:type\" content=\"image\/jpeg\" \/>\n<meta name=\"author\" content=\"Radmila\" \/>\n<meta name=\"twitter:card\" content=\"summary_large_image\" \/>\n<meta name=\"twitter:label1\" content=\"Napisao\/la\" \/>\n\t<meta name=\"twitter:data1\" content=\"Radmila\" \/>\n\t<meta name=\"twitter:label2\" content=\"Procijenjeno vrijeme \u010ditanja\" \/>\n\t<meta name=\"twitter:data2\" content=\"4 minute\" \/>\n<script type=\"application\/ld+json\" class=\"yoast-schema-graph\">{\"@context\":\"https:\/\/schema.org\",\"@graph\":[{\"@type\":\"WebPage\",\"@id\":\"https:\/\/activeluxe-cosmetics.com\/rs\/2025\/01\/20\/vodic-za-negu-i-rast-kose\/\",\"url\":\"https:\/\/activeluxe-cosmetics.com\/rs\/2025\/01\/20\/vodic-za-negu-i-rast-kose\/\",\"name\":\"Vodi\u010d za negu i rast kose - Active Luxe Cosmetics\",\"isPartOf\":{\"@id\":\"https:\/\/activeluxe-cosmetics.com\/rs\/#website\"},\"primaryImageOfPage\":{\"@id\":\"https:\/\/activeluxe-cosmetics.com\/rs\/2025\/01\/20\/vodic-za-negu-i-rast-kose\/#primaryimage\"},\"image\":{\"@id\":\"https:\/\/activeluxe-cosmetics.com\/rs\/2025\/01\/20\/vodic-za-negu-i-rast-kose\/#primaryimage\"},\"thumbnailUrl\":\"https:\/\/activeluxe-cosmetics.com\/rs\/wp-content\/uploads\/2024\/11\/HAIRLLINE0369111-scaled-1.jpg\",\"datePublished\":\"2025-01-20T08:49:58+00:00\",\"dateModified\":\"2025-01-20T08:49:59+00:00\",\"author\":{\"@id\":\"https:\/\/activeluxe-cosmetics.com\/rs\/#\/schema\/person\/cfcdf8dcc01ef622e84044588216b10e\"},\"breadcrumb\":{\"@id\":\"https:\/\/activeluxe-cosmetics.com\/rs\/2025\/01\/20\/vodic-za-negu-i-rast-kose\/#breadcrumb\"},\"inLanguage\":\"hr\",\"potentialAction\":[{\"@type\":\"ReadAction\",\"target\":[\"https:\/\/activeluxe-cosmetics.com\/rs\/2025\/01\/20\/vodic-za-negu-i-rast-kose\/\"]}]},{\"@type\":\"ImageObject\",\"inLanguage\":\"hr\",\"@id\":\"https:\/\/activeluxe-cosmetics.com\/rs\/2025\/01\/20\/vodic-za-negu-i-rast-kose\/#primaryimage\",\"url\":\"https:\/\/activeluxe-cosmetics.com\/rs\/wp-content\/uploads\/2024\/11\/HAIRLLINE0369111-scaled-1.jpg\",\"contentUrl\":\"https:\/\/activeluxe-cosmetics.com\/rs\/wp-content\/uploads\/2024\/11\/HAIRLLINE0369111-scaled-1.jpg\",\"width\":1707,\"height\":2560},{\"@type\":\"BreadcrumbList\",\"@id\":\"https:\/\/activeluxe-cosmetics.com\/rs\/2025\/01\/20\/vodic-za-negu-i-rast-kose\/#breadcrumb\",\"itemListElement\":[{\"@type\":\"ListItem\",\"position\":1,\"name\":\"Naslovnica\",\"item\":\"https:\/\/activeluxe-cosmetics.com\/rs\/\"},{\"@type\":\"ListItem\",\"position\":2,\"name\":\"Vodi\u010d za negu i rast kose\"}]},{\"@type\":\"WebSite\",\"@id\":\"https:\/\/activeluxe-cosmetics.com\/rs\/#website\",\"url\":\"https:\/\/activeluxe-cosmetics.com\/rs\/\",\"name\":\"Active Luxe Cosmetics\",\"description\":\"\",\"potentialAction\":[{\"@type\":\"SearchAction\",\"target\":{\"@type\":\"EntryPoint\",\"urlTemplate\":\"https:\/\/activeluxe-cosmetics.com\/rs\/?s={search_term_string}\"},\"query-input\":{\"@type\":\"PropertyValueSpecification\",\"valueRequired\":true,\"valueName\":\"search_term_string\"}}],\"inLanguage\":\"hr\"},{\"@type\":\"Person\",\"@id\":\"https:\/\/activeluxe-cosmetics.com\/rs\/#\/schema\/person\/cfcdf8dcc01ef622e84044588216b10e\",\"name\":\"Radmila\",\"image\":{\"@type\":\"ImageObject\",\"inLanguage\":\"hr\",\"@id\":\"https:\/\/activeluxe-cosmetics.com\/rs\/#\/schema\/person\/image\/\",\"url\":\"https:\/\/secure.gravatar.com\/avatar\/175fec096ba678d3c5115ec19f34c117965ef04f286c9be82d1332a022df2617?s=96&d=mm&r=g\",\"contentUrl\":\"https:\/\/secure.gravatar.com\/avatar\/175fec096ba678d3c5115ec19f34c117965ef04f286c9be82d1332a022df2617?s=96&d=mm&r=g\",\"caption\":\"Radmila\"},\"url\":\"https:\/\/activeluxe-cosmetics.com\/rs\/author\/radmila\/\"}]}<\/script>\n<!-- \/ Yoast SEO plugin. -->","yoast_head_json":{"title":"Vodi\u010d za negu i rast kose - Active Luxe Cosmetics","robots":{"index":"index","follow":"follow","max-snippet":"max-snippet:-1","max-image-preview":"max-image-preview:large","max-video-preview":"max-video-preview:-1"},"canonical":"https:\/\/activeluxe-cosmetics.com\/rs\/2025\/01\/20\/vodic-za-negu-i-rast-kose\/","og_locale":"hr_HR","og_type":"article","og_title":"Vodi\u010d za negu i rast kose - Active Luxe Cosmetics","og_description":"Negovana, zdrava kosa zahteva pravilnu upotrebu odgovaraju\u0107ih proizvoda. Ako \u017eelite da postignete najbolje rezultate, neophodno je da ih koristite po pravilnom redosledu. U ovom blogu...","og_url":"https:\/\/activeluxe-cosmetics.com\/rs\/2025\/01\/20\/vodic-za-negu-i-rast-kose\/","og_site_name":"Active Luxe Cosmetics","article_published_time":"2025-01-20T08:49:58+00:00","article_modified_time":"2025-01-20T08:49:59+00:00","og_image":[{"width":1707,"height":2560,"url":"https:\/\/activeluxe-cosmetics.com\/rs\/wp-content\/uploads\/2024\/11\/HAIRLLINE0369111-scaled-1.jpg","type":"image\/jpeg"}],"author":"Radmila","twitter_card":"summary_large_image","twitter_misc":{"Napisao\/la":"Radmila","Procijenjeno vrijeme \u010ditanja":"4 minute"},"schema":{"@context":"https:\/\/schema.org","@graph":[{"@type":"WebPage","@id":"https:\/\/activeluxe-cosmetics.com\/rs\/2025\/01\/20\/vodic-za-negu-i-rast-kose\/","url":"https:\/\/activeluxe-cosmetics.com\/rs\/2025\/01\/20\/vodic-za-negu-i-rast-kose\/","name":"Vodi\u010d za negu i rast kose - Active Luxe Cosmetics","isPartOf":{"@id":"https:\/\/activeluxe-cosmetics.com\/rs\/#website"},"primaryImageOfPage":{"@id":"https:\/\/activeluxe-cosmetics.com\/rs\/2025\/01\/20\/vodic-za-negu-i-rast-kose\/#primaryimage"},"image":{"@id":"https:\/\/activeluxe-cosmetics.com\/rs\/2025\/01\/20\/vodic-za-negu-i-rast-kose\/#primaryimage"},"thumbnailUrl":"https:\/\/activeluxe-cosmetics.com\/rs\/wp-content\/uploads\/2024\/11\/HAIRLLINE0369111-scaled-1.jpg","datePublished":"2025-01-20T08:49:58+00:00","dateModified":"2025-01-20T08:49:59+00:00","author":{"@id":"https:\/\/activeluxe-cosmetics.com\/rs\/#\/schema\/person\/cfcdf8dcc01ef622e84044588216b10e"},"breadcrumb":{"@id":"https:\/\/activeluxe-cosmetics.com\/rs\/2025\/01\/20\/vodic-za-negu-i-rast-kose\/#breadcrumb"},"inLanguage":"hr","potentialAction":[{"@type":"ReadAction","target":["https:\/\/activeluxe-cosmetics.com\/rs\/2025\/01\/20\/vodic-za-negu-i-rast-kose\/"]}]},{"@type":"ImageObject","inLanguage":"hr","@id":"https:\/\/activeluxe-cosmetics.com\/rs\/2025\/01\/20\/vodic-za-negu-i-rast-kose\/#primaryimage","url":"https:\/\/activeluxe-cosmetics.com\/rs\/wp-content\/uploads\/2024\/11\/HAIRLLINE0369111-scaled-1.jpg","contentUrl":"https:\/\/activeluxe-cosmetics.com\/rs\/wp-content\/uploads\/2024\/11\/HAIRLLINE0369111-scaled-1.jpg","width":1707,"height":2560},{"@type":"BreadcrumbList","@id":"https:\/\/activeluxe-cosmetics.com\/rs\/2025\/01\/20\/vodic-za-negu-i-rast-kose\/#breadcrumb","itemListElement":[{"@type":"ListItem","position":1,"name":"Naslovnica","item":"https:\/\/activeluxe-cosmetics.com\/rs\/"},{"@type":"ListItem","position":2,"name":"Vodi\u010d za negu i rast kose"}]},{"@type":"WebSite","@id":"https:\/\/activeluxe-cosmetics.com\/rs\/#website","url":"https:\/\/activeluxe-cosmetics.com\/rs\/","name":"Active Luxe Cosmetics","description":"","potentialAction":[{"@type":"SearchAction","target":{"@type":"EntryPoint","urlTemplate":"https:\/\/activeluxe-cosmetics.com\/rs\/?s={search_term_string}"},"query-input":{"@type":"PropertyValueSpecification","valueRequired":true,"valueName":"search_term_string"}}],"inLanguage":"hr"},{"@type":"Person","@id":"https:\/\/activeluxe-cosmetics.com\/rs\/#\/schema\/person\/cfcdf8dcc01ef622e84044588216b10e","name":"Radmila","image":{"@type":"ImageObject","inLanguage":"hr","@id":"https:\/\/activeluxe-cosmetics.com\/rs\/#\/schema\/person\/image\/","url":"https:\/\/secure.gravatar.com\/avatar\/175fec096ba678d3c5115ec19f34c117965ef04f286c9be82d1332a022df2617?s=96&d=mm&r=g","contentUrl":"https:\/\/secure.gravatar.com\/avatar\/175fec096ba678d3c5115ec19f34c117965ef04f286c9be82d1332a022df2617?s=96&d=mm&r=g","caption":"Radmila"},"url":"https:\/\/activeluxe-cosmetics.com\/rs\/author\/radmila\/"}]}},"_links":{"self":[{"href":"https:\/\/activeluxe-cosmetics.com\/rs\/wp-json\/wp\/v2\/posts\/84940","targetHints":{"allow":["GET"]}}],"collection":[{"href":"https:\/\/activeluxe-cosmetics.com\/rs\/wp-json\/wp\/v2\/posts"}],"about":[{"href":"https:\/\/activeluxe-cosmetics.com\/rs\/wp-json\/wp\/v2\/types\/post"}],"author":[{"embeddable":true,"href":"https:\/\/activeluxe-cosmetics.com\/rs\/wp-json\/wp\/v2\/users\/7"}],"replies":[{"embeddable":true,"href":"https:\/\/activeluxe-cosmetics.com\/rs\/wp-json\/wp\/v2\/comments?post=84940"}],"version-history":[{"count":6,"href":"https:\/\/activeluxe-cosmetics.com\/rs\/wp-json\/wp\/v2\/posts\/84940\/revisions"}],"predecessor-version":[{"id":84946,"href":"https:\/\/activeluxe-cosmetics.com\/rs\/wp-json\/wp\/v2\/posts\/84940\/revisions\/84946"}],"wp:featuredmedia":[{"embeddable":true,"href":"https:\/\/activeluxe-cosmetics.com\/rs\/wp-json\/wp\/v2\/media\/83936"}],"wp:attachment":[{"href":"https:\/\/activeluxe-cosmetics.com\/rs\/wp-json\/wp\/v2\/media?parent=84940"}],"wp:term":[{"taxonomy":"category","embeddable":true,"href":"https:\/\/activeluxe-cosmetics.com\/rs\/wp-json\/wp\/v2\/categories?post=84940"},{"taxonomy":"post_tag","embeddable":true,"href":"https:\/\/activeluxe-cosmetics.com\/rs\/wp-json\/wp\/v2\/tags?post=84940"}],"curies":[{"name":"wp","href":"https:\/\/api.w.org\/{rel}","templated":true}]}}