{"id":84680,"date":"2024-12-16T10:55:24","date_gmt":"2024-12-16T09:55:24","guid":{"rendered":"https:\/\/activeluxe-cosmetics.com\/rs\/?p=84680"},"modified":"2024-12-17T12:22:11","modified_gmt":"2024-12-17T11:22:11","slug":"lansirali-smo-nove-proizvode-za-kosu-otkrijte-tajnu-jace-i-zdravije-kose","status":"publish","type":"post","link":"https:\/\/activeluxe-cosmetics.com\/rs\/2024\/12\/16\/lansirali-smo-nove-proizvode-za-kosu-otkrijte-tajnu-jace-i-zdravije-kose\/","title":{"rendered":"Lansirali smo nove proizvode za kosu, otkrijte tajnu ja\u010de i zdravije kose!"},"content":{"rendered":"\n<p>Uzbu\u0111eni smo da podelimo sjajnu vest sa vama, nova kategorija proizvoda je kona\u010dno stigla! Ovi inovativni proizvodi su namenjeni svima koji \u017eele da svoju kosu u\u010dine ja\u010dom, zdravijom i otpornijom na opadanje. Bez obzira na to da li \u017eelite da spre\u010dite opadanje, pospe\u0161ite rast kose ili joj pru\u017eite dodatnu negu, sada mo\u017eete prona\u0107i idealno re\u0161enje za svoju kosu u na\u0161oj ponudi.<\/p>\n\n\n\n<figure class=\"wp-block-image size-full is-resized\"><img loading=\"lazy\" decoding=\"async\" width=\"819\" height=\"1024\" src=\"https:\/\/activeluxe-cosmetics.com\/rs\/wp-content\/uploads\/2024\/11\/hair_linija-819x1024-1.png\" alt=\"\" class=\"wp-image-83953\" style=\"width:389px;height:auto\" srcset=\"https:\/\/activeluxe-cosmetics.com\/rs\/wp-content\/uploads\/2024\/11\/hair_linija-819x1024-1.png 819w, https:\/\/activeluxe-cosmetics.com\/rs\/wp-content\/uploads\/2024\/11\/hair_linija-819x1024-1-460x575.png 460w, https:\/\/activeluxe-cosmetics.com\/rs\/wp-content\/uploads\/2024\/11\/hair_linija-819x1024-1-768x960.png 768w, https:\/\/activeluxe-cosmetics.com\/rs\/wp-content\/uploads\/2024\/11\/hair_linija-819x1024-1-600x750.png 600w\" sizes=\"auto, (max-width: 819px) 100vw, 819px\" \/><\/figure>\n\n\n\n<h5 class=\"wp-block-heading\">\u0160ta smo pripremili za vas?<\/h5>\n\n\n\n<p>1. \u0160amponi za ja\u010danje i rast kose<\/p>\n\n\n\n<p>Na\u0161a kolekcija sada uklju\u010duje \u0161ampone namenjene razli\u010ditim tipovima kose:<\/p>\n\n\n\n<p>\u2022 Za masnu kosu: Efikasno uklanja vi\u0161ak masno\u0107e, balansira vlasi\u0161te i ja\u010da koren kose.<\/p>\n\n\n\n<p>\u2022 Za normalnu\/suvu kosu: Pru\u017ea dubinsku hidrataciju i negu, dok istovremeno ja\u010da kosu i pospe\u0161uje njen rast.<\/p>\n\n\n\n<p>2. Balzam za ja\u010danje kose<\/p>\n\n\n\n<p>Univerzalan balzam za sve tipove kose dizajniran je da obezbedi potrebnu vlagu i oja\u010da strukturu dlake, \u010dine\u0107i kosu glatkom, mekanom i zdravom.<\/p>\n\n\n\n<p>3. Tonik za ciljani rast kose<\/p>\n\n\n\n<p>Tonik je specijalno formulisan za primenu direktno na mesta gde \u017eelite da pospe\u0161ite rast kose. Uz redovnu upotrebu, poma\u017ee u stimulaciji folikula i obnavljanju gustine kose.<\/p>\n\n\n\n<p>4. Roller za vlasi\u0161te<\/p>\n\n\n\n<p>Roller je savr\u0161en saveznik toniku. Njegova funkcija je da pripremi teme za dublje prodiranje tonika, \u010dime pove\u0107ava efikasnost i rezultate tretmana.<\/p>\n\n\n\n<figure class=\"wp-block-image size-full is-resized\"><img loading=\"lazy\" decoding=\"async\" width=\"600\" height=\"750\" src=\"https:\/\/activeluxe-cosmetics.com\/rs\/wp-content\/uploads\/2024\/12\/activeluxe_conditioner-600x750-1.png\" alt=\"\" class=\"wp-image-84617\" style=\"width:390px;height:auto\" srcset=\"https:\/\/activeluxe-cosmetics.com\/rs\/wp-content\/uploads\/2024\/12\/activeluxe_conditioner-600x750-1.png 600w, https:\/\/activeluxe-cosmetics.com\/rs\/wp-content\/uploads\/2024\/12\/activeluxe_conditioner-600x750-1-460x575.png 460w\" sizes=\"auto, (max-width: 600px) 100vw, 600px\" \/><\/figure>\n\n\n\n<h5 class=\"wp-block-heading\">Paket za savr\u0161enu rutinu<\/h5>\n\n\n\n<p>Znamo koliko je va\u017eno imati jednostavnu, ali efikasnu rutinu za negu kose. Zato smo osmislili poseban paket \u0161ampona i balzama po posebnoj ceni! Ova kombinacija pru\u017ea kompletnu negu kose, od temeljne \u010disto\u0107e i ja\u010danja do dubinske hidratacije i za\u0161tite.<\/p>\n\n\n\n<h5 class=\"wp-block-heading\">Za\u0161to odabrati na\u0161e proizvode?<\/h5>\n\n\n\n<p>\u2022 Prilago\u0111eni svim potrebama va\u0161e kose: Bilo da se borite s opadanjem, slabom kosom ili suvim vlasi\u0161tem, na\u0161i proizvodi nude personalizovanu negu.<\/p>\n\n\n\n<p>\u2022 Visoka efikasnost: Klini\u010dki testirane formule s pa\u017eljivo odabranim sastojcima garantuju rezultate.<\/p>\n\n\n\n<p>\u2022 Jednostavna primena: Uvedite na\u0161e proizvode u svoju rutinu i u\u017eivajte u zdravoj kosi bez mnogo truda.<\/p>\n\n\n\n<figure class=\"wp-block-image size-large is-resized\"><img loading=\"lazy\" decoding=\"async\" width=\"991\" height=\"1024\" src=\"https:\/\/activeluxe-cosmetics.com\/rs\/wp-content\/uploads\/2024\/01\/ActiveLuxe_HairProductsPage_Image3-991x1024.png\" alt=\"\" class=\"wp-image-84163\" style=\"width:394px;height:auto\" srcset=\"https:\/\/activeluxe-cosmetics.com\/rs\/wp-content\/uploads\/2024\/01\/ActiveLuxe_HairProductsPage_Image3-991x1024.png 991w, https:\/\/activeluxe-cosmetics.com\/rs\/wp-content\/uploads\/2024\/01\/ActiveLuxe_HairProductsPage_Image3-460x475.png 460w, https:\/\/activeluxe-cosmetics.com\/rs\/wp-content\/uploads\/2024\/01\/ActiveLuxe_HairProductsPage_Image3-768x793.png 768w, https:\/\/activeluxe-cosmetics.com\/rs\/wp-content\/uploads\/2024\/01\/ActiveLuxe_HairProductsPage_Image3-600x620.png 600w, https:\/\/activeluxe-cosmetics.com\/rs\/wp-content\/uploads\/2024\/01\/ActiveLuxe_HairProductsPage_Image3.png 1220w\" sizes=\"auto, (max-width: 991px) 100vw, 991px\" \/><\/figure>\n\n\n\n<h5 class=\"wp-block-heading\">Po\u010dnite svoju transformaciju ve\u0107 danas<\/h5>\n\n\n\n<p>Ne dozvolite da va\u0161a kosa trpi. Dajte joj snagu, negu i ljubav koju zaslu\u017euje. Isprobajte na\u0161e nove proizvode ve\u0107 danas i uvodite ih u svoju rutinu za ja\u010du, gu\u0161\u0107u i zdraviju kosu!<\/p>\n\n\n\n<p>Posetite na\u0161u onilne prodavnicu i prona\u0111ite savr\u0161enu kombinaciju za svoje potrebe. Va\u0161a kosa \u0107e vam biti zahvalna! Jedan od paketa koji smo pripremili sada za vas je upravo \u0161ampon i balzam u paketu po 20% manjoj ceni, posetite link i saznajte vi\u0161e o ponudi.<\/p>\n\n\n\n<figure class=\"wp-block-embed is-type-wp-embed is-provider-active-luxe-cosmetics wp-block-embed-active-luxe-cosmetics\"><div class=\"wp-block-embed__wrapper\">\n<blockquote class=\"wp-embedded-content\" data-secret=\"piKwCB0Q7s\"><a href=\"https:\/\/activeluxe-cosmetics.com\/rs\/izdelek\/20-popusta-sampon-i-balzam-za-aktivni-rast-kose\/\">20% POPUSTA: \u0160ampon i balzam za aktivni rast kose<\/a><\/blockquote><iframe loading=\"lazy\" class=\"wp-embedded-content\" sandbox=\"allow-scripts\" security=\"restricted\" style=\"position: absolute; visibility: hidden;\" title=\"&#8220;20% POPUSTA: \u0160ampon i balzam za aktivni rast kose&#8221; &#8212; Active Luxe Cosmetics\" src=\"https:\/\/activeluxe-cosmetics.com\/rs\/izdelek\/20-popusta-sampon-i-balzam-za-aktivni-rast-kose\/embed\/#?secret=AK2oAhCbie#?secret=piKwCB0Q7s\" data-secret=\"piKwCB0Q7s\" width=\"600\" height=\"338\" frameborder=\"0\" marginwidth=\"0\" marginheight=\"0\" scrolling=\"no\"><\/iframe>\n<\/div><\/figure>\n","protected":false},"excerpt":{"rendered":"<p>Uzbu\u0111eni smo da podelimo sjajnu vest sa vama, nova kategorija proizvoda je kona\u010dno stigla! Ovi inovativni proizvodi su namenjeni svima koji \u017eele da svoju kosu&#8230;<\/p>\n","protected":false},"author":7,"featured_media":83956,"comment_status":"open","ping_status":"open","sticky":false,"template":"","format":"standard","meta":{"footnotes":""},"categories":[72],"tags":[],"class_list":["post-84680","post","type-post","status-publish","format-standard","has-post-thumbnail","hentry","category-kosa"],"acf":[],"yoast_head":"<!-- This site is optimized with the Yoast SEO plugin v26.5 - https:\/\/yoast.com\/wordpress\/plugins\/seo\/ -->\n<title>Lansirali smo nove proizvode za kosu, otkrijte tajnu ja\u010de i zdravije kose! - Active Luxe Cosmetics<\/title>\n<meta name=\"robots\" content=\"index, follow, max-snippet:-1, max-image-preview:large, max-video-preview:-1\" \/>\n<link rel=\"canonical\" href=\"https:\/\/activeluxe-cosmetics.com\/rs\/2024\/12\/16\/lansirali-smo-nove-proizvode-za-kosu-otkrijte-tajnu-jace-i-zdravije-kose\/\" \/>\n<meta property=\"og:locale\" content=\"hr_HR\" \/>\n<meta property=\"og:type\" content=\"article\" \/>\n<meta property=\"og:title\" content=\"Lansirali smo nove proizvode za kosu, otkrijte tajnu ja\u010de i zdravije kose! - Active Luxe Cosmetics\" \/>\n<meta property=\"og:description\" content=\"Uzbu\u0111eni smo da podelimo sjajnu vest sa vama, nova kategorija proizvoda je kona\u010dno stigla! Ovi inovativni proizvodi su namenjeni svima koji \u017eele da svoju kosu...\" \/>\n<meta property=\"og:url\" content=\"https:\/\/activeluxe-cosmetics.com\/rs\/2024\/12\/16\/lansirali-smo-nove-proizvode-za-kosu-otkrijte-tajnu-jace-i-zdravije-kose\/\" \/>\n<meta property=\"og:site_name\" content=\"Active Luxe Cosmetics\" \/>\n<meta property=\"article:published_time\" content=\"2024-12-16T09:55:24+00:00\" \/>\n<meta property=\"article:modified_time\" content=\"2024-12-17T11:22:11+00:00\" \/>\n<meta property=\"og:image\" content=\"https:\/\/activeluxe-cosmetics.com\/rs\/wp-content\/uploads\/2024\/11\/HAIRLLINE00661-scaled-1.jpg\" \/>\n\t<meta property=\"og:image:width\" content=\"1707\" \/>\n\t<meta property=\"og:image:height\" content=\"2560\" \/>\n\t<meta property=\"og:image:type\" content=\"image\/jpeg\" \/>\n<meta name=\"author\" content=\"Radmila\" \/>\n<meta name=\"twitter:card\" content=\"summary_large_image\" \/>\n<meta name=\"twitter:label1\" content=\"Napisao\/la\" \/>\n\t<meta name=\"twitter:data1\" content=\"Radmila\" \/>\n\t<meta name=\"twitter:label2\" content=\"Procijenjeno vrijeme \u010ditanja\" \/>\n\t<meta name=\"twitter:data2\" content=\"3 minute\" \/>\n<script type=\"application\/ld+json\" class=\"yoast-schema-graph\">{\"@context\":\"https:\/\/schema.org\",\"@graph\":[{\"@type\":\"WebPage\",\"@id\":\"https:\/\/activeluxe-cosmetics.com\/rs\/2024\/12\/16\/lansirali-smo-nove-proizvode-za-kosu-otkrijte-tajnu-jace-i-zdravije-kose\/\",\"url\":\"https:\/\/activeluxe-cosmetics.com\/rs\/2024\/12\/16\/lansirali-smo-nove-proizvode-za-kosu-otkrijte-tajnu-jace-i-zdravije-kose\/\",\"name\":\"Lansirali smo nove proizvode za kosu, otkrijte tajnu ja\u010de i zdravije kose! - Active Luxe Cosmetics\",\"isPartOf\":{\"@id\":\"https:\/\/activeluxe-cosmetics.com\/rs\/#website\"},\"primaryImageOfPage\":{\"@id\":\"https:\/\/activeluxe-cosmetics.com\/rs\/2024\/12\/16\/lansirali-smo-nove-proizvode-za-kosu-otkrijte-tajnu-jace-i-zdravije-kose\/#primaryimage\"},\"image\":{\"@id\":\"https:\/\/activeluxe-cosmetics.com\/rs\/2024\/12\/16\/lansirali-smo-nove-proizvode-za-kosu-otkrijte-tajnu-jace-i-zdravije-kose\/#primaryimage\"},\"thumbnailUrl\":\"https:\/\/activeluxe-cosmetics.com\/rs\/wp-content\/uploads\/2024\/11\/HAIRLLINE00661-scaled-1.jpg\",\"datePublished\":\"2024-12-16T09:55:24+00:00\",\"dateModified\":\"2024-12-17T11:22:11+00:00\",\"author\":{\"@id\":\"https:\/\/activeluxe-cosmetics.com\/rs\/#\/schema\/person\/cfcdf8dcc01ef622e84044588216b10e\"},\"breadcrumb\":{\"@id\":\"https:\/\/activeluxe-cosmetics.com\/rs\/2024\/12\/16\/lansirali-smo-nove-proizvode-za-kosu-otkrijte-tajnu-jace-i-zdravije-kose\/#breadcrumb\"},\"inLanguage\":\"hr\",\"potentialAction\":[{\"@type\":\"ReadAction\",\"target\":[\"https:\/\/activeluxe-cosmetics.com\/rs\/2024\/12\/16\/lansirali-smo-nove-proizvode-za-kosu-otkrijte-tajnu-jace-i-zdravije-kose\/\"]}]},{\"@type\":\"ImageObject\",\"inLanguage\":\"hr\",\"@id\":\"https:\/\/activeluxe-cosmetics.com\/rs\/2024\/12\/16\/lansirali-smo-nove-proizvode-za-kosu-otkrijte-tajnu-jace-i-zdravije-kose\/#primaryimage\",\"url\":\"https:\/\/activeluxe-cosmetics.com\/rs\/wp-content\/uploads\/2024\/11\/HAIRLLINE00661-scaled-1.jpg\",\"contentUrl\":\"https:\/\/activeluxe-cosmetics.com\/rs\/wp-content\/uploads\/2024\/11\/HAIRLLINE00661-scaled-1.jpg\",\"width\":1707,\"height\":2560},{\"@type\":\"BreadcrumbList\",\"@id\":\"https:\/\/activeluxe-cosmetics.com\/rs\/2024\/12\/16\/lansirali-smo-nove-proizvode-za-kosu-otkrijte-tajnu-jace-i-zdravije-kose\/#breadcrumb\",\"itemListElement\":[{\"@type\":\"ListItem\",\"position\":1,\"name\":\"Naslovnica\",\"item\":\"https:\/\/activeluxe-cosmetics.com\/rs\/\"},{\"@type\":\"ListItem\",\"position\":2,\"name\":\"Lansirali smo nove proizvode za kosu, otkrijte tajnu ja\u010de i zdravije kose!\"}]},{\"@type\":\"WebSite\",\"@id\":\"https:\/\/activeluxe-cosmetics.com\/rs\/#website\",\"url\":\"https:\/\/activeluxe-cosmetics.com\/rs\/\",\"name\":\"Active Luxe Cosmetics\",\"description\":\"\",\"potentialAction\":[{\"@type\":\"SearchAction\",\"target\":{\"@type\":\"EntryPoint\",\"urlTemplate\":\"https:\/\/activeluxe-cosmetics.com\/rs\/?s={search_term_string}\"},\"query-input\":{\"@type\":\"PropertyValueSpecification\",\"valueRequired\":true,\"valueName\":\"search_term_string\"}}],\"inLanguage\":\"hr\"},{\"@type\":\"Person\",\"@id\":\"https:\/\/activeluxe-cosmetics.com\/rs\/#\/schema\/person\/cfcdf8dcc01ef622e84044588216b10e\",\"name\":\"Radmila\",\"image\":{\"@type\":\"ImageObject\",\"inLanguage\":\"hr\",\"@id\":\"https:\/\/activeluxe-cosmetics.com\/rs\/#\/schema\/person\/image\/\",\"url\":\"https:\/\/secure.gravatar.com\/avatar\/175fec096ba678d3c5115ec19f34c117965ef04f286c9be82d1332a022df2617?s=96&d=mm&r=g\",\"contentUrl\":\"https:\/\/secure.gravatar.com\/avatar\/175fec096ba678d3c5115ec19f34c117965ef04f286c9be82d1332a022df2617?s=96&d=mm&r=g\",\"caption\":\"Radmila\"},\"url\":\"https:\/\/activeluxe-cosmetics.com\/rs\/author\/radmila\/\"}]}<\/script>\n<!-- \/ Yoast SEO plugin. -->","yoast_head_json":{"title":"Lansirali smo nove proizvode za kosu, otkrijte tajnu ja\u010de i zdravije kose! - Active Luxe Cosmetics","robots":{"index":"index","follow":"follow","max-snippet":"max-snippet:-1","max-image-preview":"max-image-preview:large","max-video-preview":"max-video-preview:-1"},"canonical":"https:\/\/activeluxe-cosmetics.com\/rs\/2024\/12\/16\/lansirali-smo-nove-proizvode-za-kosu-otkrijte-tajnu-jace-i-zdravije-kose\/","og_locale":"hr_HR","og_type":"article","og_title":"Lansirali smo nove proizvode za kosu, otkrijte tajnu ja\u010de i zdravije kose! - Active Luxe Cosmetics","og_description":"Uzbu\u0111eni smo da podelimo sjajnu vest sa vama, nova kategorija proizvoda je kona\u010dno stigla! Ovi inovativni proizvodi su namenjeni svima koji \u017eele da svoju kosu...","og_url":"https:\/\/activeluxe-cosmetics.com\/rs\/2024\/12\/16\/lansirali-smo-nove-proizvode-za-kosu-otkrijte-tajnu-jace-i-zdravije-kose\/","og_site_name":"Active Luxe Cosmetics","article_published_time":"2024-12-16T09:55:24+00:00","article_modified_time":"2024-12-17T11:22:11+00:00","og_image":[{"width":1707,"height":2560,"url":"https:\/\/activeluxe-cosmetics.com\/rs\/wp-content\/uploads\/2024\/11\/HAIRLLINE00661-scaled-1.jpg","type":"image\/jpeg"}],"author":"Radmila","twitter_card":"summary_large_image","twitter_misc":{"Napisao\/la":"Radmila","Procijenjeno vrijeme \u010ditanja":"3 minute"},"schema":{"@context":"https:\/\/schema.org","@graph":[{"@type":"WebPage","@id":"https:\/\/activeluxe-cosmetics.com\/rs\/2024\/12\/16\/lansirali-smo-nove-proizvode-za-kosu-otkrijte-tajnu-jace-i-zdravije-kose\/","url":"https:\/\/activeluxe-cosmetics.com\/rs\/2024\/12\/16\/lansirali-smo-nove-proizvode-za-kosu-otkrijte-tajnu-jace-i-zdravije-kose\/","name":"Lansirali smo nove proizvode za kosu, otkrijte tajnu ja\u010de i zdravije kose! - Active Luxe Cosmetics","isPartOf":{"@id":"https:\/\/activeluxe-cosmetics.com\/rs\/#website"},"primaryImageOfPage":{"@id":"https:\/\/activeluxe-cosmetics.com\/rs\/2024\/12\/16\/lansirali-smo-nove-proizvode-za-kosu-otkrijte-tajnu-jace-i-zdravije-kose\/#primaryimage"},"image":{"@id":"https:\/\/activeluxe-cosmetics.com\/rs\/2024\/12\/16\/lansirali-smo-nove-proizvode-za-kosu-otkrijte-tajnu-jace-i-zdravije-kose\/#primaryimage"},"thumbnailUrl":"https:\/\/activeluxe-cosmetics.com\/rs\/wp-content\/uploads\/2024\/11\/HAIRLLINE00661-scaled-1.jpg","datePublished":"2024-12-16T09:55:24+00:00","dateModified":"2024-12-17T11:22:11+00:00","author":{"@id":"https:\/\/activeluxe-cosmetics.com\/rs\/#\/schema\/person\/cfcdf8dcc01ef622e84044588216b10e"},"breadcrumb":{"@id":"https:\/\/activeluxe-cosmetics.com\/rs\/2024\/12\/16\/lansirali-smo-nove-proizvode-za-kosu-otkrijte-tajnu-jace-i-zdravije-kose\/#breadcrumb"},"inLanguage":"hr","potentialAction":[{"@type":"ReadAction","target":["https:\/\/activeluxe-cosmetics.com\/rs\/2024\/12\/16\/lansirali-smo-nove-proizvode-za-kosu-otkrijte-tajnu-jace-i-zdravije-kose\/"]}]},{"@type":"ImageObject","inLanguage":"hr","@id":"https:\/\/activeluxe-cosmetics.com\/rs\/2024\/12\/16\/lansirali-smo-nove-proizvode-za-kosu-otkrijte-tajnu-jace-i-zdravije-kose\/#primaryimage","url":"https:\/\/activeluxe-cosmetics.com\/rs\/wp-content\/uploads\/2024\/11\/HAIRLLINE00661-scaled-1.jpg","contentUrl":"https:\/\/activeluxe-cosmetics.com\/rs\/wp-content\/uploads\/2024\/11\/HAIRLLINE00661-scaled-1.jpg","width":1707,"height":2560},{"@type":"BreadcrumbList","@id":"https:\/\/activeluxe-cosmetics.com\/rs\/2024\/12\/16\/lansirali-smo-nove-proizvode-za-kosu-otkrijte-tajnu-jace-i-zdravije-kose\/#breadcrumb","itemListElement":[{"@type":"ListItem","position":1,"name":"Naslovnica","item":"https:\/\/activeluxe-cosmetics.com\/rs\/"},{"@type":"ListItem","position":2,"name":"Lansirali smo nove proizvode za kosu, otkrijte tajnu ja\u010de i zdravije kose!"}]},{"@type":"WebSite","@id":"https:\/\/activeluxe-cosmetics.com\/rs\/#website","url":"https:\/\/activeluxe-cosmetics.com\/rs\/","name":"Active Luxe Cosmetics","description":"","potentialAction":[{"@type":"SearchAction","target":{"@type":"EntryPoint","urlTemplate":"https:\/\/activeluxe-cosmetics.com\/rs\/?s={search_term_string}"},"query-input":{"@type":"PropertyValueSpecification","valueRequired":true,"valueName":"search_term_string"}}],"inLanguage":"hr"},{"@type":"Person","@id":"https:\/\/activeluxe-cosmetics.com\/rs\/#\/schema\/person\/cfcdf8dcc01ef622e84044588216b10e","name":"Radmila","image":{"@type":"ImageObject","inLanguage":"hr","@id":"https:\/\/activeluxe-cosmetics.com\/rs\/#\/schema\/person\/image\/","url":"https:\/\/secure.gravatar.com\/avatar\/175fec096ba678d3c5115ec19f34c117965ef04f286c9be82d1332a022df2617?s=96&d=mm&r=g","contentUrl":"https:\/\/secure.gravatar.com\/avatar\/175fec096ba678d3c5115ec19f34c117965ef04f286c9be82d1332a022df2617?s=96&d=mm&r=g","caption":"Radmila"},"url":"https:\/\/activeluxe-cosmetics.com\/rs\/author\/radmila\/"}]}},"_links":{"self":[{"href":"https:\/\/activeluxe-cosmetics.com\/rs\/wp-json\/wp\/v2\/posts\/84680","targetHints":{"allow":["GET"]}}],"collection":[{"href":"https:\/\/activeluxe-cosmetics.com\/rs\/wp-json\/wp\/v2\/posts"}],"about":[{"href":"https:\/\/activeluxe-cosmetics.com\/rs\/wp-json\/wp\/v2\/types\/post"}],"author":[{"embeddable":true,"href":"https:\/\/activeluxe-cosmetics.com\/rs\/wp-json\/wp\/v2\/users\/7"}],"replies":[{"embeddable":true,"href":"https:\/\/activeluxe-cosmetics.com\/rs\/wp-json\/wp\/v2\/comments?post=84680"}],"version-history":[{"count":4,"href":"https:\/\/activeluxe-cosmetics.com\/rs\/wp-json\/wp\/v2\/posts\/84680\/revisions"}],"predecessor-version":[{"id":84688,"href":"https:\/\/activeluxe-cosmetics.com\/rs\/wp-json\/wp\/v2\/posts\/84680\/revisions\/84688"}],"wp:featuredmedia":[{"embeddable":true,"href":"https:\/\/activeluxe-cosmetics.com\/rs\/wp-json\/wp\/v2\/media\/83956"}],"wp:attachment":[{"href":"https:\/\/activeluxe-cosmetics.com\/rs\/wp-json\/wp\/v2\/media?parent=84680"}],"wp:term":[{"taxonomy":"category","embeddable":true,"href":"https:\/\/activeluxe-cosmetics.com\/rs\/wp-json\/wp\/v2\/categories?post=84680"},{"taxonomy":"post_tag","embeddable":true,"href":"https:\/\/activeluxe-cosmetics.com\/rs\/wp-json\/wp\/v2\/tags?post=84680"}],"curies":[{"name":"wp","href":"https:\/\/api.w.org\/{rel}","templated":true}]}}