{"id":84239,"date":"2024-11-18T19:07:21","date_gmt":"2024-11-18T18:07:21","guid":{"rendered":"https:\/\/activeluxe-cosmetics.com\/rs\/?p=84239"},"modified":"2024-11-18T19:23:18","modified_gmt":"2024-11-18T18:23:18","slug":"dve-godine-u-srbiji-novi-proizvodi-i-posebne-ponude","status":"publish","type":"post","link":"https:\/\/activeluxe-cosmetics.com\/rs\/2024\/11\/18\/dve-godine-u-srbiji-novi-proizvodi-i-posebne-ponude\/","title":{"rendered":"Dve Godine u Srbiji, novi proizvodi i posebne ponude!"},"content":{"rendered":"\n<p>Novembar je poseban mesec za nas \u2013 mesec kada je sve po\u010delo! Pro\u0161le nedelje obele\u017eili smo dve godine od na\u0161eg dolaska u Srbiju. Ovaj va\u017ean trenutak proslavili smo zajedno, u\u017eivo i na dru\u0161tvenim mre\u017eama, gde ste mogli da ispratite ceo doga\u0111aj i otkrijete novitete koje smo pripremili. Za one koji su propustili priliku, sada je pravo vreme da saznate sve detalje!<\/p>\n\n\n\n<p><\/p>\n\n\n\n<figure class=\"wp-block-image size-large is-resized\"><img loading=\"lazy\" decoding=\"async\" width=\"1024\" height=\"768\" src=\"https:\/\/activeluxe-cosmetics.com\/rs\/wp-content\/uploads\/2024\/11\/DSC09409-1024x768.jpg\" alt=\"\" class=\"wp-image-84243\" style=\"width:560px;height:auto\" srcset=\"https:\/\/activeluxe-cosmetics.com\/rs\/wp-content\/uploads\/2024\/11\/DSC09409-1024x768.jpg 1024w, https:\/\/activeluxe-cosmetics.com\/rs\/wp-content\/uploads\/2024\/11\/DSC09409-460x345.jpg 460w, https:\/\/activeluxe-cosmetics.com\/rs\/wp-content\/uploads\/2024\/11\/DSC09409-768x576.jpg 768w, https:\/\/activeluxe-cosmetics.com\/rs\/wp-content\/uploads\/2024\/11\/DSC09409-1536x1152.jpg 1536w, https:\/\/activeluxe-cosmetics.com\/rs\/wp-content\/uploads\/2024\/11\/DSC09409-2048x1536.jpg 2048w, https:\/\/activeluxe-cosmetics.com\/rs\/wp-content\/uploads\/2024\/11\/DSC09409-600x450.jpg 600w\" sizes=\"auto, (max-width: 1024px) 100vw, 1024px\" \/><\/figure>\n\n\n\n<p><\/p>\n\n\n\n<h5 class=\"wp-block-heading\">Active Luxe sinonim za prirodnu lepotu<\/h5>\n\n\n\n<p>Active Luxe je postao prepoznatljiv po svojim visokokvalitetnim proizvodima za negu i rast dlaka. Na\u0161i serumi za rast trepavica i obrva stekli su poverenje preko 200.000 zadovoljnih korisnica \u0161irom regiona. Uz njih, lansirali smo i liniju maskara koje, zahvaljuju\u0107i svojoj laganoj teksturi i posebnoj formuli, nagla\u0161avaju trepavice bez ose\u0107aja te\u017eine, razmazivanja ili mrlja, a lako se uklanjaju.<\/p>\n\n\n\n<p>Uz ovakav uspeh, bilo je prirodno pro\u0161iriti na\u0161u liniju proizvoda. Inspirisani va\u0161om podr\u0161kom i poverenjem, odlu\u010dili smo da na\u0161 drugi ro\u0111endan u Srbiji obele\u017eimo lansiranjem potpuno nove linije proizvoda \u2013 za negu kose!<\/p>\n\n\n\n<p><\/p>\n\n\n\n<p>&nbsp;<\/p>\n\n\n\n<figure class=\"wp-block-image size-large is-resized\"><img loading=\"lazy\" decoding=\"async\" width=\"1024\" height=\"768\" src=\"https:\/\/activeluxe-cosmetics.com\/rs\/wp-content\/uploads\/2024\/11\/DSC09519-1024x768.jpg\" alt=\"\" class=\"wp-image-84241\" style=\"width:564px;height:auto\" srcset=\"https:\/\/activeluxe-cosmetics.com\/rs\/wp-content\/uploads\/2024\/11\/DSC09519-1024x768.jpg 1024w, https:\/\/activeluxe-cosmetics.com\/rs\/wp-content\/uploads\/2024\/11\/DSC09519-460x345.jpg 460w, https:\/\/activeluxe-cosmetics.com\/rs\/wp-content\/uploads\/2024\/11\/DSC09519-768x576.jpg 768w, https:\/\/activeluxe-cosmetics.com\/rs\/wp-content\/uploads\/2024\/11\/DSC09519-1536x1152.jpg 1536w, https:\/\/activeluxe-cosmetics.com\/rs\/wp-content\/uploads\/2024\/11\/DSC09519-2048x1536.jpg 2048w, https:\/\/activeluxe-cosmetics.com\/rs\/wp-content\/uploads\/2024\/11\/DSC09519-600x450.jpg 600w\" sizes=\"auto, (max-width: 1024px) 100vw, 1024px\" \/><\/figure>\n\n\n\n<p><\/p>\n\n\n\n<h5 class=\"wp-block-heading\">Predstavljamo novu liniju za negu kose<\/h5>\n\n\n\n<p><\/p>\n\n\n\n<p>Kada ne\u0161to funkcioni\u0161e, ne menjamo recept, ve\u0107 ga usavr\u0161avamo! Na\u0161a nova linija za negu kose namenjena je svima \u2013 bez obzira na pol \u2013 jer zdrava i lepa kosa nije samo stvar estetike ve\u0107 i samopouzdanja. Ovi proizvodi poma\u017eu u borbi protiv opadanja kose, podsti\u010du njen rast i pru\u017eaju negu za odr\u017eavanje postignutih rezultata.<\/p>\n\n\n\n<p>U ponudi sada mo\u017eete prona\u0107i:<\/p>\n\n\n\n<p>1. \u0160ampon \u2013 za dva tipa kose: normalnu\/suvu i masnu.<\/p>\n\n\n\n<p>2. Balzam \u2013 za intenzivnu negu kose.<\/p>\n\n\n\n<p>3. Tonik \u2013 za aktivan rast kose.<\/p>\n\n\n\n<p>4. Roller \u2013 za pripremu temena, kako bi proizvodi delovali efikasnije.<\/p>\n\n\n\n<p><\/p>\n\n\n\n<figure class=\"wp-block-image size-large is-resized\"><img loading=\"lazy\" decoding=\"async\" width=\"1024\" height=\"768\" src=\"https:\/\/activeluxe-cosmetics.com\/rs\/wp-content\/uploads\/2024\/11\/DSC09309-1024x768.jpg\" alt=\"\" class=\"wp-image-84244\" style=\"width:557px;height:auto\" srcset=\"https:\/\/activeluxe-cosmetics.com\/rs\/wp-content\/uploads\/2024\/11\/DSC09309-1024x768.jpg 1024w, https:\/\/activeluxe-cosmetics.com\/rs\/wp-content\/uploads\/2024\/11\/DSC09309-460x345.jpg 460w, https:\/\/activeluxe-cosmetics.com\/rs\/wp-content\/uploads\/2024\/11\/DSC09309-768x576.jpg 768w, https:\/\/activeluxe-cosmetics.com\/rs\/wp-content\/uploads\/2024\/11\/DSC09309-1536x1152.jpg 1536w, https:\/\/activeluxe-cosmetics.com\/rs\/wp-content\/uploads\/2024\/11\/DSC09309-2048x1536.jpg 2048w, https:\/\/activeluxe-cosmetics.com\/rs\/wp-content\/uploads\/2024\/11\/DSC09309-600x450.jpg 600w\" sizes=\"auto, (max-width: 1024px) 100vw, 1024px\" \/><\/figure>\n\n\n\n<p><\/p>\n\n\n\n<h5 class=\"wp-block-heading\">Ro\u0111endansko sni\u017eenje i prilika koja se ne propu\u0161ta<\/h5>\n\n\n\n<p><\/p>\n\n\n\n<p>Kako Active Luxe slavi? Zajedno s vama! Do kraja meseca svi na\u0161i proizvodi dostupni su uz popust od minimum 20%. Ovo je idealna prilika da isprobate na\u0161u novu liniju ili dopunite zalihe omiljenih proizvoda.<\/p>\n\n\n\n<p><\/p>\n\n\n\n<figure class=\"wp-block-image size-large is-resized\"><img loading=\"lazy\" decoding=\"async\" width=\"768\" height=\"1024\" src=\"https:\/\/activeluxe-cosmetics.com\/rs\/wp-content\/uploads\/2024\/11\/DSC09229-768x1024.jpg\" alt=\"\" class=\"wp-image-84240\" style=\"width:455px;height:auto\" srcset=\"https:\/\/activeluxe-cosmetics.com\/rs\/wp-content\/uploads\/2024\/11\/DSC09229-768x1024.jpg 768w, https:\/\/activeluxe-cosmetics.com\/rs\/wp-content\/uploads\/2024\/11\/DSC09229-460x613.jpg 460w, https:\/\/activeluxe-cosmetics.com\/rs\/wp-content\/uploads\/2024\/11\/DSC09229-1152x1536.jpg 1152w, https:\/\/activeluxe-cosmetics.com\/rs\/wp-content\/uploads\/2024\/11\/DSC09229-1536x2048.jpg 1536w, https:\/\/activeluxe-cosmetics.com\/rs\/wp-content\/uploads\/2024\/11\/DSC09229-600x800.jpg 600w, https:\/\/activeluxe-cosmetics.com\/rs\/wp-content\/uploads\/2024\/11\/DSC09229-scaled.jpg 1920w\" sizes=\"auto, (max-width: 768px) 100vw, 768px\" \/><\/figure>\n\n\n\n<p><\/p>\n\n\n\n<h5 class=\"wp-block-heading\">Hvala Vam&nbsp;<\/h5>\n\n\n\n<p><\/p>\n\n\n\n<p>Va\u0161a podr\u0161ka je ono \u0161to nas inspiri\u0161e da rastemo i razvijamo se. Zahvaljujemo se svima koji su sa nama na ovom putu. Ulep\u0161ali ste na\u0161u proslavu i pokazali da sve \u0161to radimo ima smisla.<\/p>\n\n\n\n<p>Pridru\u017eite se i vi na\u0161oj zajednici, jer zajedno stvaramo prirodnu lepotu koja traje.<\/p>\n\n\n\n<p><\/p>\n\n\n\n<figure class=\"wp-block-image size-large is-resized\"><img loading=\"lazy\" decoding=\"async\" width=\"768\" height=\"1024\" src=\"https:\/\/activeluxe-cosmetics.com\/rs\/wp-content\/uploads\/2024\/11\/DSC09172-768x1024.jpg\" alt=\"\" class=\"wp-image-84248\" style=\"width:438px;height:auto\" srcset=\"https:\/\/activeluxe-cosmetics.com\/rs\/wp-content\/uploads\/2024\/11\/DSC09172-768x1024.jpg 768w, https:\/\/activeluxe-cosmetics.com\/rs\/wp-content\/uploads\/2024\/11\/DSC09172-460x613.jpg 460w, https:\/\/activeluxe-cosmetics.com\/rs\/wp-content\/uploads\/2024\/11\/DSC09172-1152x1536.jpg 1152w, https:\/\/activeluxe-cosmetics.com\/rs\/wp-content\/uploads\/2024\/11\/DSC09172-1536x2048.jpg 1536w, https:\/\/activeluxe-cosmetics.com\/rs\/wp-content\/uploads\/2024\/11\/DSC09172-600x800.jpg 600w, https:\/\/activeluxe-cosmetics.com\/rs\/wp-content\/uploads\/2024\/11\/DSC09172-scaled.jpg 1920w\" sizes=\"auto, (max-width: 768px) 100vw, 768px\" \/><\/figure>\n\n\n\n<p><\/p>\n","protected":false},"excerpt":{"rendered":"<p>Novembar je poseban mesec za nas \u2013 mesec kada je sve po\u010delo! Pro\u0161le nedelje obele\u017eili smo dve godine od na\u0161eg dolaska u Srbiju. Ovaj va\u017ean&#8230;<\/p>\n","protected":false},"author":7,"featured_media":84242,"comment_status":"open","ping_status":"open","sticky":false,"template":"","format":"standard","meta":{"footnotes":""},"categories":[112,72],"tags":[],"class_list":["post-84239","post","type-post","status-publish","format-standard","has-post-thumbnail","hentry","category-aktivne-zene","category-kosa"],"acf":[],"yoast_head":"<!-- This site is optimized with the Yoast SEO plugin v26.5 - https:\/\/yoast.com\/wordpress\/plugins\/seo\/ -->\n<title>Dve Godine u Srbiji, novi proizvodi i posebne ponude! - Active Luxe Cosmetics<\/title>\n<meta name=\"robots\" content=\"index, follow, max-snippet:-1, max-image-preview:large, max-video-preview:-1\" \/>\n<link rel=\"canonical\" href=\"https:\/\/activeluxe-cosmetics.com\/rs\/2024\/11\/18\/dve-godine-u-srbiji-novi-proizvodi-i-posebne-ponude\/\" \/>\n<meta property=\"og:locale\" content=\"hr_HR\" \/>\n<meta property=\"og:type\" content=\"article\" \/>\n<meta property=\"og:title\" content=\"Dve Godine u Srbiji, novi proizvodi i posebne ponude! - Active Luxe Cosmetics\" \/>\n<meta property=\"og:description\" content=\"Novembar je poseban mesec za nas \u2013 mesec kada je sve po\u010delo! Pro\u0161le nedelje obele\u017eili smo dve godine od na\u0161eg dolaska u Srbiju. Ovaj va\u017ean...\" \/>\n<meta property=\"og:url\" content=\"https:\/\/activeluxe-cosmetics.com\/rs\/2024\/11\/18\/dve-godine-u-srbiji-novi-proizvodi-i-posebne-ponude\/\" \/>\n<meta property=\"og:site_name\" content=\"Active Luxe Cosmetics\" \/>\n<meta property=\"article:published_time\" content=\"2024-11-18T18:07:21+00:00\" \/>\n<meta property=\"article:modified_time\" content=\"2024-11-18T18:23:18+00:00\" \/>\n<meta property=\"og:image\" content=\"https:\/\/activeluxe-cosmetics.com\/rs\/wp-content\/uploads\/2024\/11\/DSC09499-scaled.jpg\" \/>\n\t<meta property=\"og:image:width\" content=\"2560\" \/>\n\t<meta property=\"og:image:height\" content=\"1707\" \/>\n\t<meta property=\"og:image:type\" content=\"image\/jpeg\" \/>\n<meta name=\"author\" content=\"Radmila\" \/>\n<meta name=\"twitter:card\" content=\"summary_large_image\" \/>\n<meta name=\"twitter:label1\" content=\"Napisao\/la\" \/>\n\t<meta name=\"twitter:data1\" content=\"Radmila\" \/>\n\t<meta name=\"twitter:label2\" content=\"Procijenjeno vrijeme \u010ditanja\" \/>\n\t<meta name=\"twitter:data2\" content=\"4 minute\" \/>\n<script type=\"application\/ld+json\" class=\"yoast-schema-graph\">{\"@context\":\"https:\/\/schema.org\",\"@graph\":[{\"@type\":\"WebPage\",\"@id\":\"https:\/\/activeluxe-cosmetics.com\/rs\/2024\/11\/18\/dve-godine-u-srbiji-novi-proizvodi-i-posebne-ponude\/\",\"url\":\"https:\/\/activeluxe-cosmetics.com\/rs\/2024\/11\/18\/dve-godine-u-srbiji-novi-proizvodi-i-posebne-ponude\/\",\"name\":\"Dve Godine u Srbiji, novi proizvodi i posebne ponude! - Active Luxe Cosmetics\",\"isPartOf\":{\"@id\":\"https:\/\/activeluxe-cosmetics.com\/rs\/#website\"},\"primaryImageOfPage\":{\"@id\":\"https:\/\/activeluxe-cosmetics.com\/rs\/2024\/11\/18\/dve-godine-u-srbiji-novi-proizvodi-i-posebne-ponude\/#primaryimage\"},\"image\":{\"@id\":\"https:\/\/activeluxe-cosmetics.com\/rs\/2024\/11\/18\/dve-godine-u-srbiji-novi-proizvodi-i-posebne-ponude\/#primaryimage\"},\"thumbnailUrl\":\"https:\/\/activeluxe-cosmetics.com\/rs\/wp-content\/uploads\/2024\/11\/DSC09499-scaled.jpg\",\"datePublished\":\"2024-11-18T18:07:21+00:00\",\"dateModified\":\"2024-11-18T18:23:18+00:00\",\"author\":{\"@id\":\"https:\/\/activeluxe-cosmetics.com\/rs\/#\/schema\/person\/cfcdf8dcc01ef622e84044588216b10e\"},\"breadcrumb\":{\"@id\":\"https:\/\/activeluxe-cosmetics.com\/rs\/2024\/11\/18\/dve-godine-u-srbiji-novi-proizvodi-i-posebne-ponude\/#breadcrumb\"},\"inLanguage\":\"hr\",\"potentialAction\":[{\"@type\":\"ReadAction\",\"target\":[\"https:\/\/activeluxe-cosmetics.com\/rs\/2024\/11\/18\/dve-godine-u-srbiji-novi-proizvodi-i-posebne-ponude\/\"]}]},{\"@type\":\"ImageObject\",\"inLanguage\":\"hr\",\"@id\":\"https:\/\/activeluxe-cosmetics.com\/rs\/2024\/11\/18\/dve-godine-u-srbiji-novi-proizvodi-i-posebne-ponude\/#primaryimage\",\"url\":\"https:\/\/activeluxe-cosmetics.com\/rs\/wp-content\/uploads\/2024\/11\/DSC09499-scaled.jpg\",\"contentUrl\":\"https:\/\/activeluxe-cosmetics.com\/rs\/wp-content\/uploads\/2024\/11\/DSC09499-scaled.jpg\",\"width\":2560,\"height\":1707},{\"@type\":\"BreadcrumbList\",\"@id\":\"https:\/\/activeluxe-cosmetics.com\/rs\/2024\/11\/18\/dve-godine-u-srbiji-novi-proizvodi-i-posebne-ponude\/#breadcrumb\",\"itemListElement\":[{\"@type\":\"ListItem\",\"position\":1,\"name\":\"Naslovnica\",\"item\":\"https:\/\/activeluxe-cosmetics.com\/rs\/\"},{\"@type\":\"ListItem\",\"position\":2,\"name\":\"Dve Godine u Srbiji, novi proizvodi i posebne ponude!\"}]},{\"@type\":\"WebSite\",\"@id\":\"https:\/\/activeluxe-cosmetics.com\/rs\/#website\",\"url\":\"https:\/\/activeluxe-cosmetics.com\/rs\/\",\"name\":\"Active Luxe Cosmetics\",\"description\":\"\",\"potentialAction\":[{\"@type\":\"SearchAction\",\"target\":{\"@type\":\"EntryPoint\",\"urlTemplate\":\"https:\/\/activeluxe-cosmetics.com\/rs\/?s={search_term_string}\"},\"query-input\":{\"@type\":\"PropertyValueSpecification\",\"valueRequired\":true,\"valueName\":\"search_term_string\"}}],\"inLanguage\":\"hr\"},{\"@type\":\"Person\",\"@id\":\"https:\/\/activeluxe-cosmetics.com\/rs\/#\/schema\/person\/cfcdf8dcc01ef622e84044588216b10e\",\"name\":\"Radmila\",\"image\":{\"@type\":\"ImageObject\",\"inLanguage\":\"hr\",\"@id\":\"https:\/\/activeluxe-cosmetics.com\/rs\/#\/schema\/person\/image\/\",\"url\":\"https:\/\/secure.gravatar.com\/avatar\/175fec096ba678d3c5115ec19f34c117965ef04f286c9be82d1332a022df2617?s=96&d=mm&r=g\",\"contentUrl\":\"https:\/\/secure.gravatar.com\/avatar\/175fec096ba678d3c5115ec19f34c117965ef04f286c9be82d1332a022df2617?s=96&d=mm&r=g\",\"caption\":\"Radmila\"},\"url\":\"https:\/\/activeluxe-cosmetics.com\/rs\/author\/radmila\/\"}]}<\/script>\n<!-- \/ Yoast SEO plugin. -->","yoast_head_json":{"title":"Dve Godine u Srbiji, novi proizvodi i posebne ponude! - Active Luxe Cosmetics","robots":{"index":"index","follow":"follow","max-snippet":"max-snippet:-1","max-image-preview":"max-image-preview:large","max-video-preview":"max-video-preview:-1"},"canonical":"https:\/\/activeluxe-cosmetics.com\/rs\/2024\/11\/18\/dve-godine-u-srbiji-novi-proizvodi-i-posebne-ponude\/","og_locale":"hr_HR","og_type":"article","og_title":"Dve Godine u Srbiji, novi proizvodi i posebne ponude! - Active Luxe Cosmetics","og_description":"Novembar je poseban mesec za nas \u2013 mesec kada je sve po\u010delo! Pro\u0161le nedelje obele\u017eili smo dve godine od na\u0161eg dolaska u Srbiju. Ovaj va\u017ean...","og_url":"https:\/\/activeluxe-cosmetics.com\/rs\/2024\/11\/18\/dve-godine-u-srbiji-novi-proizvodi-i-posebne-ponude\/","og_site_name":"Active Luxe Cosmetics","article_published_time":"2024-11-18T18:07:21+00:00","article_modified_time":"2024-11-18T18:23:18+00:00","og_image":[{"width":2560,"height":1707,"url":"https:\/\/activeluxe-cosmetics.com\/rs\/wp-content\/uploads\/2024\/11\/DSC09499-scaled.jpg","type":"image\/jpeg"}],"author":"Radmila","twitter_card":"summary_large_image","twitter_misc":{"Napisao\/la":"Radmila","Procijenjeno vrijeme \u010ditanja":"4 minute"},"schema":{"@context":"https:\/\/schema.org","@graph":[{"@type":"WebPage","@id":"https:\/\/activeluxe-cosmetics.com\/rs\/2024\/11\/18\/dve-godine-u-srbiji-novi-proizvodi-i-posebne-ponude\/","url":"https:\/\/activeluxe-cosmetics.com\/rs\/2024\/11\/18\/dve-godine-u-srbiji-novi-proizvodi-i-posebne-ponude\/","name":"Dve Godine u Srbiji, novi proizvodi i posebne ponude! - Active Luxe Cosmetics","isPartOf":{"@id":"https:\/\/activeluxe-cosmetics.com\/rs\/#website"},"primaryImageOfPage":{"@id":"https:\/\/activeluxe-cosmetics.com\/rs\/2024\/11\/18\/dve-godine-u-srbiji-novi-proizvodi-i-posebne-ponude\/#primaryimage"},"image":{"@id":"https:\/\/activeluxe-cosmetics.com\/rs\/2024\/11\/18\/dve-godine-u-srbiji-novi-proizvodi-i-posebne-ponude\/#primaryimage"},"thumbnailUrl":"https:\/\/activeluxe-cosmetics.com\/rs\/wp-content\/uploads\/2024\/11\/DSC09499-scaled.jpg","datePublished":"2024-11-18T18:07:21+00:00","dateModified":"2024-11-18T18:23:18+00:00","author":{"@id":"https:\/\/activeluxe-cosmetics.com\/rs\/#\/schema\/person\/cfcdf8dcc01ef622e84044588216b10e"},"breadcrumb":{"@id":"https:\/\/activeluxe-cosmetics.com\/rs\/2024\/11\/18\/dve-godine-u-srbiji-novi-proizvodi-i-posebne-ponude\/#breadcrumb"},"inLanguage":"hr","potentialAction":[{"@type":"ReadAction","target":["https:\/\/activeluxe-cosmetics.com\/rs\/2024\/11\/18\/dve-godine-u-srbiji-novi-proizvodi-i-posebne-ponude\/"]}]},{"@type":"ImageObject","inLanguage":"hr","@id":"https:\/\/activeluxe-cosmetics.com\/rs\/2024\/11\/18\/dve-godine-u-srbiji-novi-proizvodi-i-posebne-ponude\/#primaryimage","url":"https:\/\/activeluxe-cosmetics.com\/rs\/wp-content\/uploads\/2024\/11\/DSC09499-scaled.jpg","contentUrl":"https:\/\/activeluxe-cosmetics.com\/rs\/wp-content\/uploads\/2024\/11\/DSC09499-scaled.jpg","width":2560,"height":1707},{"@type":"BreadcrumbList","@id":"https:\/\/activeluxe-cosmetics.com\/rs\/2024\/11\/18\/dve-godine-u-srbiji-novi-proizvodi-i-posebne-ponude\/#breadcrumb","itemListElement":[{"@type":"ListItem","position":1,"name":"Naslovnica","item":"https:\/\/activeluxe-cosmetics.com\/rs\/"},{"@type":"ListItem","position":2,"name":"Dve Godine u Srbiji, novi proizvodi i posebne ponude!"}]},{"@type":"WebSite","@id":"https:\/\/activeluxe-cosmetics.com\/rs\/#website","url":"https:\/\/activeluxe-cosmetics.com\/rs\/","name":"Active Luxe Cosmetics","description":"","potentialAction":[{"@type":"SearchAction","target":{"@type":"EntryPoint","urlTemplate":"https:\/\/activeluxe-cosmetics.com\/rs\/?s={search_term_string}"},"query-input":{"@type":"PropertyValueSpecification","valueRequired":true,"valueName":"search_term_string"}}],"inLanguage":"hr"},{"@type":"Person","@id":"https:\/\/activeluxe-cosmetics.com\/rs\/#\/schema\/person\/cfcdf8dcc01ef622e84044588216b10e","name":"Radmila","image":{"@type":"ImageObject","inLanguage":"hr","@id":"https:\/\/activeluxe-cosmetics.com\/rs\/#\/schema\/person\/image\/","url":"https:\/\/secure.gravatar.com\/avatar\/175fec096ba678d3c5115ec19f34c117965ef04f286c9be82d1332a022df2617?s=96&d=mm&r=g","contentUrl":"https:\/\/secure.gravatar.com\/avatar\/175fec096ba678d3c5115ec19f34c117965ef04f286c9be82d1332a022df2617?s=96&d=mm&r=g","caption":"Radmila"},"url":"https:\/\/activeluxe-cosmetics.com\/rs\/author\/radmila\/"}]}},"_links":{"self":[{"href":"https:\/\/activeluxe-cosmetics.com\/rs\/wp-json\/wp\/v2\/posts\/84239","targetHints":{"allow":["GET"]}}],"collection":[{"href":"https:\/\/activeluxe-cosmetics.com\/rs\/wp-json\/wp\/v2\/posts"}],"about":[{"href":"https:\/\/activeluxe-cosmetics.com\/rs\/wp-json\/wp\/v2\/types\/post"}],"author":[{"embeddable":true,"href":"https:\/\/activeluxe-cosmetics.com\/rs\/wp-json\/wp\/v2\/users\/7"}],"replies":[{"embeddable":true,"href":"https:\/\/activeluxe-cosmetics.com\/rs\/wp-json\/wp\/v2\/comments?post=84239"}],"version-history":[{"count":6,"href":"https:\/\/activeluxe-cosmetics.com\/rs\/wp-json\/wp\/v2\/posts\/84239\/revisions"}],"predecessor-version":[{"id":84258,"href":"https:\/\/activeluxe-cosmetics.com\/rs\/wp-json\/wp\/v2\/posts\/84239\/revisions\/84258"}],"wp:featuredmedia":[{"embeddable":true,"href":"https:\/\/activeluxe-cosmetics.com\/rs\/wp-json\/wp\/v2\/media\/84242"}],"wp:attachment":[{"href":"https:\/\/activeluxe-cosmetics.com\/rs\/wp-json\/wp\/v2\/media?parent=84239"}],"wp:term":[{"taxonomy":"category","embeddable":true,"href":"https:\/\/activeluxe-cosmetics.com\/rs\/wp-json\/wp\/v2\/categories?post=84239"},{"taxonomy":"post_tag","embeddable":true,"href":"https:\/\/activeluxe-cosmetics.com\/rs\/wp-json\/wp\/v2\/tags?post=84239"}],"curies":[{"name":"wp","href":"https:\/\/api.w.org\/{rel}","templated":true}]}}