{"id":83736,"date":"2024-10-18T15:35:04","date_gmt":"2024-10-18T13:35:04","guid":{"rendered":"https:\/\/activeluxe-cosmetics.com\/rs\/?p=83736"},"modified":"2024-10-18T15:35:05","modified_gmt":"2024-10-18T13:35:05","slug":"da-li-znas-kada-je-nastala-prva-maskara","status":"publish","type":"post","link":"https:\/\/activeluxe-cosmetics.com\/rs\/2024\/10\/18\/da-li-znas-kada-je-nastala-prva-maskara\/","title":{"rendered":"Da li zna\u0161 kada je nastala prva maskara?"},"content":{"rendered":"\n<p>U istoriji kozmeti\u010dke industrije, maskara je ostavila dubok trag krajem 19. veka, kada je E\u017een Rimmel kreirao prvu verziju ovog neizostavnog kozmeti\u010dkog proizvoda. Od jednostavne me\u0161avine crnog pigmenta i vazelina, razvila se tehnologija koja je promenila na\u010din na koji \u017eene nagla\u0161avaju svoje trepavice \u0161irom sveta. Maskara je danas osnovni element \u0161minke, koja ne samo da produ\u017eava i pove\u0107ava volumen trepavica, ve\u0107 simbolizuje inovativnost i estetsko samoizra\u017eavanje u kozmeti\u010dkoj industriji.<\/p>\n\n\n\n<figure class=\"wp-block-image size-full is-resized\"><img loading=\"lazy\" decoding=\"async\" width=\"460\" height=\"594\" src=\"https:\/\/activeluxe-cosmetics.com\/rs\/wp-content\/uploads\/2024\/10\/Group-342-1-460x594-1.jpg\" alt=\"\" class=\"wp-image-83738\" style=\"width:316px;height:auto\"\/><\/figure>\n\n\n\n<h5 class=\"wp-block-heading\">Inovator <\/h5>\n\n\n\n<p>Eugene Rimmel, francuski preduzetnik i parfimer, \u010desto se smatra pronalaza\u010dem moderne maskare. Rimmel, koji je ro\u0111en 1820, a umro 1887, otvorio je parfemsku kompaniju u Londonu zajedno sa svojim ocem. Eugene je eksperimentisao sa razli\u010ditim kozmeti\u010dkim formulama i tako stvorio maskaru koja je bila prete\u010da savremenih proizvoda. Zbog njegovog uticaja, re\u010d \u201erimel\u201d u nekim jezicima, kao \u0161to su italijanski, portugalski, turski i rumunski, postala je sinonim za maskaru.<\/p>\n\n\n\n<h5 class=\"wp-block-heading\">Prva maskara<\/h5>\n\n\n\n<p>Prva maskara je bila prili\u010dno druga\u010dija od onih koje poznajemo danas. Sastojao se od me\u0161avine crnog pigmenta i vazelina. Proizvod je bio upakovan u male kontejnere, a korisnici su morali da nanose maskaru \u010detkicom ili prstima.<\/p>\n\n\n\n<figure class=\"wp-block-image size-full is-resized\"><img decoding=\"async\" src=\"https:\/\/activeluxe-cosmetics.com\/rs\/wp-content\/uploads\/2024\/10\/Maybelline_1800x1000_57cac4ab-b6de-4e11-9095-6f2a9240289c-460x256-1.webp\" alt=\"\" class=\"wp-image-83739\" style=\"width:394px;height:auto\"\/><\/figure>\n\n\n\n<h5 class=\"wp-block-heading\">Razvoj moderne maskare<\/h5>\n\n\n\n<p>Zna\u010dajan model moderne maskare, kakvu danas poznajemo, razvijen je po\u010detkom 20. veka. Najva\u017eniji prodor dogodio se 1913. godine, kada je T.L. Vilijams, ameri\u010dki hemi\u010dar, napravio je maskaru za svoju sestru Mejbel. Me\u0161avina uglja i vazelina bila je toliko uspe\u0161na da je Vilijams osnovao kompaniju Maybelline (ime je nastalo kombinovanjem imena Maibel i vazeline).<\/p>\n\n\n\n<h5 class=\"wp-block-heading\">Evolucija proizvoda<\/h5>\n\n\n\n<p>Vremenom se maskara razvijala i usavr\u0161avala. Danas maskare sadr\u017ee slo\u017eenije formule koje uklju\u010duju razli\u010dite voskove, ulja, pigmente i polimere. Dostupne su u razli\u010ditim oblicima, kao \u0161to su te\u010dna maskara, krem maskara i gel maskara, upakovane u tube sa uklju\u010denim \u010detkicama za lak\u0161e i preciznije nano\u0161enje.<br><\/p>\n\n\n\n<h5 class=\"wp-block-heading\">Kulturni i komercijalni<\/h5>\n\n\n\n<p>Maskara je postala osnovni proizvod u kozmeti\u010dkim torbicama \u0161irom sveta. Njena popularnost je stalno rasla, a danas je maskara jedan od najprodavanijih kozmeti\u010dkih proizvoda. Maskare razli\u010ditih brendova nude brojne efekte, kao \u0161to su produ\u017eavanje trepavica, pove\u0107anje volumena, uvijanje i razdvajanje trepavica, a dostupne su u razli\u010ditim bojama.<\/p>\n\n\n\n<h5 class=\"wp-block-heading\">Uticaj na industriju<\/h5>\n\n\n\n<p>Pronalazak maskare imao je veliki uticaj na kozmeti\u010dku industriju. Pored razvoja novih formula i tehnologija, doprineo je i popularizaciji \u0161minke i kozmetike uop\u0161te. Velike kozmeti\u010dke kompanije, kao \u0161to su L&#8217;Oreal, Estee Lauder, Maybelline i druge, zna\u010dajno su doprinele inovacijama i \u0161irenju tr\u017ei\u0161ta maskara.<br><br>Tokom svoje istorije, maskara je pre\u0161la dug put od jednostavne me\u0161avine vazelina i crnog pigmenta do modernog, visokotehnolo\u0161kog kozmeti\u010dkog proizvoda koji koriste milioni ljudi \u0161irom sveta.<\/p>\n\n\n\n<p><\/p>\n","protected":false},"excerpt":{"rendered":"<p>U istoriji kozmeti\u010dke industrije, maskara je ostavila dubok trag krajem 19. veka, kada je E\u017een Rimmel kreirao prvu verziju ovog neizostavnog kozmeti\u010dkog proizvoda. Od jednostavne&#8230;<\/p>\n","protected":false},"author":7,"featured_media":83737,"comment_status":"open","ping_status":"open","sticky":false,"template":"","format":"standard","meta":{"footnotes":""},"categories":[70],"tags":[],"class_list":["post-83736","post","type-post","status-publish","format-standard","has-post-thumbnail","hentry","category-trepavice"],"acf":[],"yoast_head":"<!-- This site is optimized with the Yoast SEO plugin v26.5 - https:\/\/yoast.com\/wordpress\/plugins\/seo\/ -->\n<title>Da li zna\u0161 kada je nastala prva maskara? - Active Luxe Cosmetics<\/title>\n<meta name=\"robots\" content=\"index, follow, max-snippet:-1, max-image-preview:large, max-video-preview:-1\" \/>\n<link rel=\"canonical\" href=\"https:\/\/activeluxe-cosmetics.com\/rs\/2024\/10\/18\/da-li-znas-kada-je-nastala-prva-maskara\/\" \/>\n<meta property=\"og:locale\" content=\"hr_HR\" \/>\n<meta property=\"og:type\" content=\"article\" \/>\n<meta property=\"og:title\" content=\"Da li zna\u0161 kada je nastala prva maskara? - Active Luxe Cosmetics\" \/>\n<meta property=\"og:description\" content=\"U istoriji kozmeti\u010dke industrije, maskara je ostavila dubok trag krajem 19. veka, kada je E\u017een Rimmel kreirao prvu verziju ovog neizostavnog kozmeti\u010dkog proizvoda. Od jednostavne...\" \/>\n<meta property=\"og:url\" content=\"https:\/\/activeluxe-cosmetics.com\/rs\/2024\/10\/18\/da-li-znas-kada-je-nastala-prva-maskara\/\" \/>\n<meta property=\"og:site_name\" content=\"Active Luxe Cosmetics\" \/>\n<meta property=\"article:published_time\" content=\"2024-10-18T13:35:04+00:00\" \/>\n<meta property=\"article:modified_time\" content=\"2024-10-18T13:35:05+00:00\" \/>\n<meta property=\"og:image\" content=\"https:\/\/activeluxe-cosmetics.com\/rs\/wp-content\/uploads\/2024\/10\/ALC-1481-1-1-917x1024-1.jpg\" \/>\n\t<meta property=\"og:image:width\" content=\"917\" \/>\n\t<meta property=\"og:image:height\" content=\"1024\" \/>\n\t<meta property=\"og:image:type\" content=\"image\/jpeg\" \/>\n<meta name=\"author\" content=\"Radmila\" \/>\n<meta name=\"twitter:card\" content=\"summary_large_image\" \/>\n<meta name=\"twitter:label1\" content=\"Napisao\/la\" \/>\n\t<meta name=\"twitter:data1\" content=\"Radmila\" \/>\n\t<meta name=\"twitter:label2\" content=\"Procijenjeno vrijeme \u010ditanja\" \/>\n\t<meta name=\"twitter:data2\" content=\"3 minute\" \/>\n<script type=\"application\/ld+json\" class=\"yoast-schema-graph\">{\"@context\":\"https:\/\/schema.org\",\"@graph\":[{\"@type\":\"WebPage\",\"@id\":\"https:\/\/activeluxe-cosmetics.com\/rs\/2024\/10\/18\/da-li-znas-kada-je-nastala-prva-maskara\/\",\"url\":\"https:\/\/activeluxe-cosmetics.com\/rs\/2024\/10\/18\/da-li-znas-kada-je-nastala-prva-maskara\/\",\"name\":\"Da li zna\u0161 kada je nastala prva maskara? - Active Luxe Cosmetics\",\"isPartOf\":{\"@id\":\"https:\/\/activeluxe-cosmetics.com\/rs\/#website\"},\"primaryImageOfPage\":{\"@id\":\"https:\/\/activeluxe-cosmetics.com\/rs\/2024\/10\/18\/da-li-znas-kada-je-nastala-prva-maskara\/#primaryimage\"},\"image\":{\"@id\":\"https:\/\/activeluxe-cosmetics.com\/rs\/2024\/10\/18\/da-li-znas-kada-je-nastala-prva-maskara\/#primaryimage\"},\"thumbnailUrl\":\"https:\/\/activeluxe-cosmetics.com\/rs\/wp-content\/uploads\/2024\/10\/ALC-1481-1-1-917x1024-1.jpg\",\"datePublished\":\"2024-10-18T13:35:04+00:00\",\"dateModified\":\"2024-10-18T13:35:05+00:00\",\"author\":{\"@id\":\"https:\/\/activeluxe-cosmetics.com\/rs\/#\/schema\/person\/cfcdf8dcc01ef622e84044588216b10e\"},\"breadcrumb\":{\"@id\":\"https:\/\/activeluxe-cosmetics.com\/rs\/2024\/10\/18\/da-li-znas-kada-je-nastala-prva-maskara\/#breadcrumb\"},\"inLanguage\":\"hr\",\"potentialAction\":[{\"@type\":\"ReadAction\",\"target\":[\"https:\/\/activeluxe-cosmetics.com\/rs\/2024\/10\/18\/da-li-znas-kada-je-nastala-prva-maskara\/\"]}]},{\"@type\":\"ImageObject\",\"inLanguage\":\"hr\",\"@id\":\"https:\/\/activeluxe-cosmetics.com\/rs\/2024\/10\/18\/da-li-znas-kada-je-nastala-prva-maskara\/#primaryimage\",\"url\":\"https:\/\/activeluxe-cosmetics.com\/rs\/wp-content\/uploads\/2024\/10\/ALC-1481-1-1-917x1024-1.jpg\",\"contentUrl\":\"https:\/\/activeluxe-cosmetics.com\/rs\/wp-content\/uploads\/2024\/10\/ALC-1481-1-1-917x1024-1.jpg\",\"width\":917,\"height\":1024},{\"@type\":\"BreadcrumbList\",\"@id\":\"https:\/\/activeluxe-cosmetics.com\/rs\/2024\/10\/18\/da-li-znas-kada-je-nastala-prva-maskara\/#breadcrumb\",\"itemListElement\":[{\"@type\":\"ListItem\",\"position\":1,\"name\":\"Naslovnica\",\"item\":\"https:\/\/activeluxe-cosmetics.com\/rs\/\"},{\"@type\":\"ListItem\",\"position\":2,\"name\":\"Da li zna\u0161 kada je nastala prva maskara?\"}]},{\"@type\":\"WebSite\",\"@id\":\"https:\/\/activeluxe-cosmetics.com\/rs\/#website\",\"url\":\"https:\/\/activeluxe-cosmetics.com\/rs\/\",\"name\":\"Active Luxe Cosmetics\",\"description\":\"\",\"potentialAction\":[{\"@type\":\"SearchAction\",\"target\":{\"@type\":\"EntryPoint\",\"urlTemplate\":\"https:\/\/activeluxe-cosmetics.com\/rs\/?s={search_term_string}\"},\"query-input\":{\"@type\":\"PropertyValueSpecification\",\"valueRequired\":true,\"valueName\":\"search_term_string\"}}],\"inLanguage\":\"hr\"},{\"@type\":\"Person\",\"@id\":\"https:\/\/activeluxe-cosmetics.com\/rs\/#\/schema\/person\/cfcdf8dcc01ef622e84044588216b10e\",\"name\":\"Radmila\",\"image\":{\"@type\":\"ImageObject\",\"inLanguage\":\"hr\",\"@id\":\"https:\/\/activeluxe-cosmetics.com\/rs\/#\/schema\/person\/image\/\",\"url\":\"https:\/\/secure.gravatar.com\/avatar\/175fec096ba678d3c5115ec19f34c117965ef04f286c9be82d1332a022df2617?s=96&d=mm&r=g\",\"contentUrl\":\"https:\/\/secure.gravatar.com\/avatar\/175fec096ba678d3c5115ec19f34c117965ef04f286c9be82d1332a022df2617?s=96&d=mm&r=g\",\"caption\":\"Radmila\"},\"url\":\"https:\/\/activeluxe-cosmetics.com\/rs\/author\/radmila\/\"}]}<\/script>\n<!-- \/ Yoast SEO plugin. -->","yoast_head_json":{"title":"Da li zna\u0161 kada je nastala prva maskara? - Active Luxe Cosmetics","robots":{"index":"index","follow":"follow","max-snippet":"max-snippet:-1","max-image-preview":"max-image-preview:large","max-video-preview":"max-video-preview:-1"},"canonical":"https:\/\/activeluxe-cosmetics.com\/rs\/2024\/10\/18\/da-li-znas-kada-je-nastala-prva-maskara\/","og_locale":"hr_HR","og_type":"article","og_title":"Da li zna\u0161 kada je nastala prva maskara? - Active Luxe Cosmetics","og_description":"U istoriji kozmeti\u010dke industrije, maskara je ostavila dubok trag krajem 19. veka, kada je E\u017een Rimmel kreirao prvu verziju ovog neizostavnog kozmeti\u010dkog proizvoda. Od jednostavne...","og_url":"https:\/\/activeluxe-cosmetics.com\/rs\/2024\/10\/18\/da-li-znas-kada-je-nastala-prva-maskara\/","og_site_name":"Active Luxe Cosmetics","article_published_time":"2024-10-18T13:35:04+00:00","article_modified_time":"2024-10-18T13:35:05+00:00","og_image":[{"width":917,"height":1024,"url":"https:\/\/activeluxe-cosmetics.com\/rs\/wp-content\/uploads\/2024\/10\/ALC-1481-1-1-917x1024-1.jpg","type":"image\/jpeg"}],"author":"Radmila","twitter_card":"summary_large_image","twitter_misc":{"Napisao\/la":"Radmila","Procijenjeno vrijeme \u010ditanja":"3 minute"},"schema":{"@context":"https:\/\/schema.org","@graph":[{"@type":"WebPage","@id":"https:\/\/activeluxe-cosmetics.com\/rs\/2024\/10\/18\/da-li-znas-kada-je-nastala-prva-maskara\/","url":"https:\/\/activeluxe-cosmetics.com\/rs\/2024\/10\/18\/da-li-znas-kada-je-nastala-prva-maskara\/","name":"Da li zna\u0161 kada je nastala prva maskara? - Active Luxe Cosmetics","isPartOf":{"@id":"https:\/\/activeluxe-cosmetics.com\/rs\/#website"},"primaryImageOfPage":{"@id":"https:\/\/activeluxe-cosmetics.com\/rs\/2024\/10\/18\/da-li-znas-kada-je-nastala-prva-maskara\/#primaryimage"},"image":{"@id":"https:\/\/activeluxe-cosmetics.com\/rs\/2024\/10\/18\/da-li-znas-kada-je-nastala-prva-maskara\/#primaryimage"},"thumbnailUrl":"https:\/\/activeluxe-cosmetics.com\/rs\/wp-content\/uploads\/2024\/10\/ALC-1481-1-1-917x1024-1.jpg","datePublished":"2024-10-18T13:35:04+00:00","dateModified":"2024-10-18T13:35:05+00:00","author":{"@id":"https:\/\/activeluxe-cosmetics.com\/rs\/#\/schema\/person\/cfcdf8dcc01ef622e84044588216b10e"},"breadcrumb":{"@id":"https:\/\/activeluxe-cosmetics.com\/rs\/2024\/10\/18\/da-li-znas-kada-je-nastala-prva-maskara\/#breadcrumb"},"inLanguage":"hr","potentialAction":[{"@type":"ReadAction","target":["https:\/\/activeluxe-cosmetics.com\/rs\/2024\/10\/18\/da-li-znas-kada-je-nastala-prva-maskara\/"]}]},{"@type":"ImageObject","inLanguage":"hr","@id":"https:\/\/activeluxe-cosmetics.com\/rs\/2024\/10\/18\/da-li-znas-kada-je-nastala-prva-maskara\/#primaryimage","url":"https:\/\/activeluxe-cosmetics.com\/rs\/wp-content\/uploads\/2024\/10\/ALC-1481-1-1-917x1024-1.jpg","contentUrl":"https:\/\/activeluxe-cosmetics.com\/rs\/wp-content\/uploads\/2024\/10\/ALC-1481-1-1-917x1024-1.jpg","width":917,"height":1024},{"@type":"BreadcrumbList","@id":"https:\/\/activeluxe-cosmetics.com\/rs\/2024\/10\/18\/da-li-znas-kada-je-nastala-prva-maskara\/#breadcrumb","itemListElement":[{"@type":"ListItem","position":1,"name":"Naslovnica","item":"https:\/\/activeluxe-cosmetics.com\/rs\/"},{"@type":"ListItem","position":2,"name":"Da li zna\u0161 kada je nastala prva maskara?"}]},{"@type":"WebSite","@id":"https:\/\/activeluxe-cosmetics.com\/rs\/#website","url":"https:\/\/activeluxe-cosmetics.com\/rs\/","name":"Active Luxe Cosmetics","description":"","potentialAction":[{"@type":"SearchAction","target":{"@type":"EntryPoint","urlTemplate":"https:\/\/activeluxe-cosmetics.com\/rs\/?s={search_term_string}"},"query-input":{"@type":"PropertyValueSpecification","valueRequired":true,"valueName":"search_term_string"}}],"inLanguage":"hr"},{"@type":"Person","@id":"https:\/\/activeluxe-cosmetics.com\/rs\/#\/schema\/person\/cfcdf8dcc01ef622e84044588216b10e","name":"Radmila","image":{"@type":"ImageObject","inLanguage":"hr","@id":"https:\/\/activeluxe-cosmetics.com\/rs\/#\/schema\/person\/image\/","url":"https:\/\/secure.gravatar.com\/avatar\/175fec096ba678d3c5115ec19f34c117965ef04f286c9be82d1332a022df2617?s=96&d=mm&r=g","contentUrl":"https:\/\/secure.gravatar.com\/avatar\/175fec096ba678d3c5115ec19f34c117965ef04f286c9be82d1332a022df2617?s=96&d=mm&r=g","caption":"Radmila"},"url":"https:\/\/activeluxe-cosmetics.com\/rs\/author\/radmila\/"}]}},"_links":{"self":[{"href":"https:\/\/activeluxe-cosmetics.com\/rs\/wp-json\/wp\/v2\/posts\/83736","targetHints":{"allow":["GET"]}}],"collection":[{"href":"https:\/\/activeluxe-cosmetics.com\/rs\/wp-json\/wp\/v2\/posts"}],"about":[{"href":"https:\/\/activeluxe-cosmetics.com\/rs\/wp-json\/wp\/v2\/types\/post"}],"author":[{"embeddable":true,"href":"https:\/\/activeluxe-cosmetics.com\/rs\/wp-json\/wp\/v2\/users\/7"}],"replies":[{"embeddable":true,"href":"https:\/\/activeluxe-cosmetics.com\/rs\/wp-json\/wp\/v2\/comments?post=83736"}],"version-history":[{"count":2,"href":"https:\/\/activeluxe-cosmetics.com\/rs\/wp-json\/wp\/v2\/posts\/83736\/revisions"}],"predecessor-version":[{"id":83741,"href":"https:\/\/activeluxe-cosmetics.com\/rs\/wp-json\/wp\/v2\/posts\/83736\/revisions\/83741"}],"wp:featuredmedia":[{"embeddable":true,"href":"https:\/\/activeluxe-cosmetics.com\/rs\/wp-json\/wp\/v2\/media\/83737"}],"wp:attachment":[{"href":"https:\/\/activeluxe-cosmetics.com\/rs\/wp-json\/wp\/v2\/media?parent=83736"}],"wp:term":[{"taxonomy":"category","embeddable":true,"href":"https:\/\/activeluxe-cosmetics.com\/rs\/wp-json\/wp\/v2\/categories?post=83736"},{"taxonomy":"post_tag","embeddable":true,"href":"https:\/\/activeluxe-cosmetics.com\/rs\/wp-json\/wp\/v2\/tags?post=83736"}],"curies":[{"name":"wp","href":"https:\/\/api.w.org\/{rel}","templated":true}]}}