{"id":83049,"date":"2024-08-09T10:20:30","date_gmt":"2024-08-09T08:20:30","guid":{"rendered":"https:\/\/activeluxe-cosmetics.com\/rs\/?p=83049"},"modified":"2024-08-09T10:24:43","modified_gmt":"2024-08-09T08:24:43","slug":"ne-moras-vise-ziveti-u-strahu-i-plasiti-se-kako-ce-tvoje-prirodne-trepavice-izgledati-kada-skines-nadogradnju","status":"publish","type":"post","link":"https:\/\/activeluxe-cosmetics.com\/rs\/2024\/08\/09\/ne-moras-vise-ziveti-u-strahu-i-plasiti-se-kako-ce-tvoje-prirodne-trepavice-izgledati-kada-skines-nadogradnju\/","title":{"rendered":"Ne mora\u0161 vi\u0161e \u017eiveti u strahu i pla\u0161iti se kako \u0107e tvoje prirodne trepavice izgledati kada skine\u0161 nadogradnju"},"content":{"rendered":"\n<p>Kako nam se bli\u017ei kraj sezone godi\u0161njih odmora tako i ti <strong>\u017eeli\u0161 da skine\u0161 nadogra\u0111ene trepavice<\/strong> koje si stavila kako bi one tokom celog leta bile tvoj za\u0161titni znak i ne bi morala da ima\u0161 obavezu da stavlja\u0161 maskaru. Ali, sada se javlja novo pitanje, <strong>\u0161ta \u0107e se desiti kad ih skine\u0161<\/strong>? U kakvom stanju \u0107e\u0161 zate\u0107i svoje prirodne trepavice? Koliko njih je otpalo dr\u017ee\u0107i nadogradnju i da li \u0107e se desiti ono najgore da stanje bude gore nego kad si ih stavila.<\/p>\n\n\n\n<p>Da ne bi sebe optere\u0107ivala tim pitanjima mi ti nudimo jasno i nikad lak\u0161e re\u0161enje!<\/p>\n\n\n\n<p>Postoji na\u010dini sa kojim mo\u017ee\u0161 oporaviti svoje trepavice i dok jo\u0161 uvek ima\u0161 nadogradnju.<\/p>\n\n\n\n<h4 class=\"wp-block-heading\">Korak broj 1<\/h4>\n\n\n\n<p>Proizvod koji \u0107e postati obavezan u tvojoj rutini i <strong>korak broj jedan u tvom oporavku trepavica jeste Fluid<\/strong>. Za\u0161to ba\u0161 Fluid, jednostavno je. Njegova namena je da <strong>tvoje prirodne trepavice oja\u010da, nahrani i ispuni \u017eivotom <\/strong>kako bi one mogle da nose nadogradnju \u0161to du\u017ee. Fluid \u0107e ti obezbediti <strong>ja\u010de trepavice i pospe\u0161i\u0107e rast novih<\/strong> a to je ono \u0161to svako \u017eeli pre nego \u0161to skine nadogradnju, da ponovo vidi svoje.<\/p>\n\n\n\n<figure class=\"wp-block-image size-large is-resized\"><img loading=\"lazy\" decoding=\"async\" width=\"819\" height=\"1024\" src=\"https:\/\/activeluxe-cosmetics.com\/rs\/wp-content\/uploads\/2024\/01\/Izdelek-brez-naslova-95-819x1024.png\" alt=\"\" class=\"wp-image-81824\" style=\"width:374px;height:auto\" srcset=\"https:\/\/activeluxe-cosmetics.com\/rs\/wp-content\/uploads\/2024\/01\/Izdelek-brez-naslova-95-819x1024.png 819w, https:\/\/activeluxe-cosmetics.com\/rs\/wp-content\/uploads\/2024\/01\/Izdelek-brez-naslova-95-460x575.png 460w, https:\/\/activeluxe-cosmetics.com\/rs\/wp-content\/uploads\/2024\/01\/Izdelek-brez-naslova-95-768x960.png 768w, https:\/\/activeluxe-cosmetics.com\/rs\/wp-content\/uploads\/2024\/01\/Izdelek-brez-naslova-95-600x750.png 600w, https:\/\/activeluxe-cosmetics.com\/rs\/wp-content\/uploads\/2024\/01\/Izdelek-brez-naslova-95.png 1080w\" sizes=\"auto, (max-width: 819px) 100vw, 819px\" \/><\/figure>\n\n\n\n<h4 class=\"wp-block-heading\">Korak broj 2&nbsp;&nbsp;<\/h4>\n\n\n\n<p>Pored Fluida koji si redovno koristila po\u010dni da uvodi\u0161 i <strong>Lash serum za prirodan rast trepavica<\/strong>, najbolje je da kad ve\u0107 bude\u0161 znala da se tvom rastanku sa nadogradnjom bli\u017ei kraj da po\u010dne\u0161 da koristi\u0161 oba proizvoda istovremeno, tako \u0161to \u0107e\u0161 <strong>jednom dnevno ujutru nanositi Fluid u tankom sloju kao eyeliner, dok \u0107e\u0161 uve\u010de koristiti Lash serum po istom principu<\/strong>.<\/p>\n\n\n\n<figure class=\"wp-block-image size-large is-resized\"><img loading=\"lazy\" decoding=\"async\" width=\"819\" height=\"1024\" src=\"https:\/\/activeluxe-cosmetics.com\/rs\/wp-content\/uploads\/2024\/07\/Izdelek-brez-naslova-19-1-819x1024.png\" alt=\"\" class=\"wp-image-82921\" style=\"width:368px;height:auto\" srcset=\"https:\/\/activeluxe-cosmetics.com\/rs\/wp-content\/uploads\/2024\/07\/Izdelek-brez-naslova-19-1-819x1024.png 819w, https:\/\/activeluxe-cosmetics.com\/rs\/wp-content\/uploads\/2024\/07\/Izdelek-brez-naslova-19-1-460x575.png 460w, https:\/\/activeluxe-cosmetics.com\/rs\/wp-content\/uploads\/2024\/07\/Izdelek-brez-naslova-19-1-768x960.png 768w, https:\/\/activeluxe-cosmetics.com\/rs\/wp-content\/uploads\/2024\/07\/Izdelek-brez-naslova-19-1-600x750.png 600w, https:\/\/activeluxe-cosmetics.com\/rs\/wp-content\/uploads\/2024\/07\/Izdelek-brez-naslova-19-1.png 1080w\" sizes=\"auto, (max-width: 819px) 100vw, 819px\" \/><\/figure>\n\n\n\n<h4 class=\"wp-block-heading\">Korak broj 3<\/h4>\n\n\n\n<p>Kona\u010dno si skinula nadogradnju i tvoje trepavice su tu, nemoj da te brine to \u0161to vidi\u0161 uskoro \u0107e zasijati svojim punim kapacitetom samo sada koristi samostalno <strong>Lash serum za rast trepavica jednom dnevno uve\u010de pred spavanje i gledaj kako ti trepavice bukvalno na o\u010di rastu i kako postaju najbolja verzija sebe<\/strong>.<\/p>\n\n\n\n<figure class=\"wp-block-image size-large is-resized\"><img loading=\"lazy\" decoding=\"async\" width=\"819\" height=\"1024\" src=\"https:\/\/activeluxe-cosmetics.com\/rs\/wp-content\/uploads\/2024\/07\/Izdelek-brez-naslova-41-819x1024.png\" alt=\"\" class=\"wp-image-82920\" style=\"width:373px;height:auto\" srcset=\"https:\/\/activeluxe-cosmetics.com\/rs\/wp-content\/uploads\/2024\/07\/Izdelek-brez-naslova-41-819x1024.png 819w, https:\/\/activeluxe-cosmetics.com\/rs\/wp-content\/uploads\/2024\/07\/Izdelek-brez-naslova-41-460x575.png 460w, https:\/\/activeluxe-cosmetics.com\/rs\/wp-content\/uploads\/2024\/07\/Izdelek-brez-naslova-41-768x960.png 768w, https:\/\/activeluxe-cosmetics.com\/rs\/wp-content\/uploads\/2024\/07\/Izdelek-brez-naslova-41-600x750.png 600w, https:\/\/activeluxe-cosmetics.com\/rs\/wp-content\/uploads\/2024\/07\/Izdelek-brez-naslova-41.png 1080w\" sizes=\"auto, (max-width: 819px) 100vw, 819px\" \/><\/figure>\n\n\n\n<p>Ovo su tako mali koraci koje \u0107e\u0161 primeniti u rutini, a kranjim rezultatima koje postigne\u0161 \u0107e\u0161 biti toliko odu\u0161evljena da ne\u0107e vi\u0161e po\u017eeleti da radi\u0161 nadogradnju. Upravo zato smo ti spremili paket koji \u0107e kompletno oporaviti tvoje trepavice od nadogradnje. <strong>Set sadr\u017ei Fluid za negu i odr\u017eavanje nadogra\u0111enih trepavica i Lash serum koji je namenjem za negu i oporavak prirodnih trepavica<\/strong>, u ovom paketu Fluid dobija\u0161 po 50% ni\u017eoj ceni. Redovnom upotrebom <strong>trepavice postaju du\u017ee, gu\u0161\u0107e, tamnije, uvijenije sve ono \u0161to si \u017eelela da postigne\u0161 nadogradnjom<\/strong>. Isprobaj ovaj recept i javi nam tvoje utiske.<\/p>\n\n\n\n<figure class=\"wp-block-embed is-type-wp-embed is-provider-active-luxe-cosmetics wp-block-embed-active-luxe-cosmetics\"><div class=\"wp-block-embed__wrapper\">\n<blockquote class=\"wp-embedded-content\" data-secret=\"iQ5H0q6ZAD\"><a href=\"https:\/\/activeluxe-cosmetics.com\/rs\/izdelek\/fluid-i-lash-serum-za-rast-trepavica-u-paketu-snizeni\/\">Fluid i Lash serum za rast trepavica u paketu sni\u017eeni<\/a><\/blockquote><iframe loading=\"lazy\" class=\"wp-embedded-content\" sandbox=\"allow-scripts\" security=\"restricted\" style=\"position: absolute; visibility: hidden;\" title=\"&#8220;Fluid i Lash serum za rast trepavica u paketu sni\u017eeni&#8221; &#8212; Active Luxe Cosmetics\" src=\"https:\/\/activeluxe-cosmetics.com\/rs\/izdelek\/fluid-i-lash-serum-za-rast-trepavica-u-paketu-snizeni\/embed\/#?secret=TKyYclp3fu#?secret=iQ5H0q6ZAD\" data-secret=\"iQ5H0q6ZAD\" width=\"600\" height=\"338\" frameborder=\"0\" marginwidth=\"0\" marginheight=\"0\" scrolling=\"no\"><\/iframe>\n<\/div><\/figure>\n\n\n\n<p><\/p>\n","protected":false},"excerpt":{"rendered":"<p>Kako nam se bli\u017ei kraj sezone godi\u0161njih odmora tako i ti \u017eeli\u0161 da skine\u0161 nadogra\u0111ene trepavice koje si stavila kako bi one tokom celog leta&#8230;<\/p>\n","protected":false},"author":7,"featured_media":80617,"comment_status":"open","ping_status":"open","sticky":false,"template":"","format":"standard","meta":{"footnotes":""},"categories":[70],"tags":[],"class_list":["post-83049","post","type-post","status-publish","format-standard","has-post-thumbnail","hentry","category-trepavice"],"acf":[],"yoast_head":"<!-- This site is optimized with the Yoast SEO plugin v26.5 - https:\/\/yoast.com\/wordpress\/plugins\/seo\/ -->\n<title>prirodne trepavice mogu izgledati bolje kad skine\u0161 nadogradnju<\/title>\n<meta name=\"robots\" content=\"index, follow, max-snippet:-1, max-image-preview:large, max-video-preview:-1\" \/>\n<link rel=\"canonical\" href=\"https:\/\/activeluxe-cosmetics.com\/rs\/2024\/08\/09\/ne-moras-vise-ziveti-u-strahu-i-plasiti-se-kako-ce-tvoje-prirodne-trepavice-izgledati-kada-skines-nadogradnju\/\" \/>\n<meta property=\"og:locale\" content=\"hr_HR\" \/>\n<meta property=\"og:type\" content=\"article\" \/>\n<meta property=\"og:title\" content=\"prirodne trepavice mogu izgledati bolje kad skine\u0161 nadogradnju\" \/>\n<meta property=\"og:description\" content=\"Kako nam se bli\u017ei kraj sezone godi\u0161njih odmora tako i ti \u017eeli\u0161 da skine\u0161 nadogra\u0111ene trepavice koje si stavila kako bi one tokom celog leta...\" \/>\n<meta property=\"og:url\" content=\"https:\/\/activeluxe-cosmetics.com\/rs\/2024\/08\/09\/ne-moras-vise-ziveti-u-strahu-i-plasiti-se-kako-ce-tvoje-prirodne-trepavice-izgledati-kada-skines-nadogradnju\/\" \/>\n<meta property=\"og:site_name\" content=\"Active Luxe Cosmetics\" \/>\n<meta property=\"article:published_time\" content=\"2024-08-09T08:20:30+00:00\" \/>\n<meta property=\"article:modified_time\" content=\"2024-08-09T08:24:43+00:00\" \/>\n<meta property=\"og:image\" content=\"https:\/\/activeluxe-cosmetics.com\/rs\/wp-content\/uploads\/2024\/01\/Group-392-3.jpg\" \/>\n\t<meta property=\"og:image:width\" content=\"581\" \/>\n\t<meta property=\"og:image:height\" content=\"738\" \/>\n\t<meta property=\"og:image:type\" content=\"image\/jpeg\" \/>\n<meta name=\"author\" content=\"Radmila\" \/>\n<meta name=\"twitter:card\" content=\"summary_large_image\" \/>\n<meta name=\"twitter:label1\" content=\"Napisao\/la\" \/>\n\t<meta name=\"twitter:data1\" content=\"Radmila\" \/>\n\t<meta name=\"twitter:label2\" content=\"Procijenjeno vrijeme \u010ditanja\" \/>\n\t<meta name=\"twitter:data2\" content=\"3 minute\" \/>\n<script type=\"application\/ld+json\" class=\"yoast-schema-graph\">{\"@context\":\"https:\/\/schema.org\",\"@graph\":[{\"@type\":\"WebPage\",\"@id\":\"https:\/\/activeluxe-cosmetics.com\/rs\/2024\/08\/09\/ne-moras-vise-ziveti-u-strahu-i-plasiti-se-kako-ce-tvoje-prirodne-trepavice-izgledati-kada-skines-nadogradnju\/\",\"url\":\"https:\/\/activeluxe-cosmetics.com\/rs\/2024\/08\/09\/ne-moras-vise-ziveti-u-strahu-i-plasiti-se-kako-ce-tvoje-prirodne-trepavice-izgledati-kada-skines-nadogradnju\/\",\"name\":\"prirodne trepavice mogu izgledati bolje kad skine\u0161 nadogradnju\",\"isPartOf\":{\"@id\":\"https:\/\/activeluxe-cosmetics.com\/rs\/#website\"},\"primaryImageOfPage\":{\"@id\":\"https:\/\/activeluxe-cosmetics.com\/rs\/2024\/08\/09\/ne-moras-vise-ziveti-u-strahu-i-plasiti-se-kako-ce-tvoje-prirodne-trepavice-izgledati-kada-skines-nadogradnju\/#primaryimage\"},\"image\":{\"@id\":\"https:\/\/activeluxe-cosmetics.com\/rs\/2024\/08\/09\/ne-moras-vise-ziveti-u-strahu-i-plasiti-se-kako-ce-tvoje-prirodne-trepavice-izgledati-kada-skines-nadogradnju\/#primaryimage\"},\"thumbnailUrl\":\"https:\/\/activeluxe-cosmetics.com\/rs\/wp-content\/uploads\/2024\/01\/Group-392-3.jpg\",\"datePublished\":\"2024-08-09T08:20:30+00:00\",\"dateModified\":\"2024-08-09T08:24:43+00:00\",\"author\":{\"@id\":\"https:\/\/activeluxe-cosmetics.com\/rs\/#\/schema\/person\/cfcdf8dcc01ef622e84044588216b10e\"},\"breadcrumb\":{\"@id\":\"https:\/\/activeluxe-cosmetics.com\/rs\/2024\/08\/09\/ne-moras-vise-ziveti-u-strahu-i-plasiti-se-kako-ce-tvoje-prirodne-trepavice-izgledati-kada-skines-nadogradnju\/#breadcrumb\"},\"inLanguage\":\"hr\",\"potentialAction\":[{\"@type\":\"ReadAction\",\"target\":[\"https:\/\/activeluxe-cosmetics.com\/rs\/2024\/08\/09\/ne-moras-vise-ziveti-u-strahu-i-plasiti-se-kako-ce-tvoje-prirodne-trepavice-izgledati-kada-skines-nadogradnju\/\"]}]},{\"@type\":\"ImageObject\",\"inLanguage\":\"hr\",\"@id\":\"https:\/\/activeluxe-cosmetics.com\/rs\/2024\/08\/09\/ne-moras-vise-ziveti-u-strahu-i-plasiti-se-kako-ce-tvoje-prirodne-trepavice-izgledati-kada-skines-nadogradnju\/#primaryimage\",\"url\":\"https:\/\/activeluxe-cosmetics.com\/rs\/wp-content\/uploads\/2024\/01\/Group-392-3.jpg\",\"contentUrl\":\"https:\/\/activeluxe-cosmetics.com\/rs\/wp-content\/uploads\/2024\/01\/Group-392-3.jpg\",\"width\":581,\"height\":738},{\"@type\":\"BreadcrumbList\",\"@id\":\"https:\/\/activeluxe-cosmetics.com\/rs\/2024\/08\/09\/ne-moras-vise-ziveti-u-strahu-i-plasiti-se-kako-ce-tvoje-prirodne-trepavice-izgledati-kada-skines-nadogradnju\/#breadcrumb\",\"itemListElement\":[{\"@type\":\"ListItem\",\"position\":1,\"name\":\"Naslovnica\",\"item\":\"https:\/\/activeluxe-cosmetics.com\/rs\/\"},{\"@type\":\"ListItem\",\"position\":2,\"name\":\"Ne mora\u0161 vi\u0161e \u017eiveti u strahu i pla\u0161iti se kako \u0107e tvoje prirodne trepavice izgledati kada skine\u0161 nadogradnju\"}]},{\"@type\":\"WebSite\",\"@id\":\"https:\/\/activeluxe-cosmetics.com\/rs\/#website\",\"url\":\"https:\/\/activeluxe-cosmetics.com\/rs\/\",\"name\":\"Active Luxe Cosmetics\",\"description\":\"\",\"potentialAction\":[{\"@type\":\"SearchAction\",\"target\":{\"@type\":\"EntryPoint\",\"urlTemplate\":\"https:\/\/activeluxe-cosmetics.com\/rs\/?s={search_term_string}\"},\"query-input\":{\"@type\":\"PropertyValueSpecification\",\"valueRequired\":true,\"valueName\":\"search_term_string\"}}],\"inLanguage\":\"hr\"},{\"@type\":\"Person\",\"@id\":\"https:\/\/activeluxe-cosmetics.com\/rs\/#\/schema\/person\/cfcdf8dcc01ef622e84044588216b10e\",\"name\":\"Radmila\",\"image\":{\"@type\":\"ImageObject\",\"inLanguage\":\"hr\",\"@id\":\"https:\/\/activeluxe-cosmetics.com\/rs\/#\/schema\/person\/image\/\",\"url\":\"https:\/\/secure.gravatar.com\/avatar\/175fec096ba678d3c5115ec19f34c117965ef04f286c9be82d1332a022df2617?s=96&d=mm&r=g\",\"contentUrl\":\"https:\/\/secure.gravatar.com\/avatar\/175fec096ba678d3c5115ec19f34c117965ef04f286c9be82d1332a022df2617?s=96&d=mm&r=g\",\"caption\":\"Radmila\"},\"url\":\"https:\/\/activeluxe-cosmetics.com\/rs\/author\/radmila\/\"}]}<\/script>\n<!-- \/ Yoast SEO plugin. -->","yoast_head_json":{"title":"prirodne trepavice mogu izgledati bolje kad skine\u0161 nadogradnju","robots":{"index":"index","follow":"follow","max-snippet":"max-snippet:-1","max-image-preview":"max-image-preview:large","max-video-preview":"max-video-preview:-1"},"canonical":"https:\/\/activeluxe-cosmetics.com\/rs\/2024\/08\/09\/ne-moras-vise-ziveti-u-strahu-i-plasiti-se-kako-ce-tvoje-prirodne-trepavice-izgledati-kada-skines-nadogradnju\/","og_locale":"hr_HR","og_type":"article","og_title":"prirodne trepavice mogu izgledati bolje kad skine\u0161 nadogradnju","og_description":"Kako nam se bli\u017ei kraj sezone godi\u0161njih odmora tako i ti \u017eeli\u0161 da skine\u0161 nadogra\u0111ene trepavice koje si stavila kako bi one tokom celog leta...","og_url":"https:\/\/activeluxe-cosmetics.com\/rs\/2024\/08\/09\/ne-moras-vise-ziveti-u-strahu-i-plasiti-se-kako-ce-tvoje-prirodne-trepavice-izgledati-kada-skines-nadogradnju\/","og_site_name":"Active Luxe Cosmetics","article_published_time":"2024-08-09T08:20:30+00:00","article_modified_time":"2024-08-09T08:24:43+00:00","og_image":[{"width":581,"height":738,"url":"https:\/\/activeluxe-cosmetics.com\/rs\/wp-content\/uploads\/2024\/01\/Group-392-3.jpg","type":"image\/jpeg"}],"author":"Radmila","twitter_card":"summary_large_image","twitter_misc":{"Napisao\/la":"Radmila","Procijenjeno vrijeme \u010ditanja":"3 minute"},"schema":{"@context":"https:\/\/schema.org","@graph":[{"@type":"WebPage","@id":"https:\/\/activeluxe-cosmetics.com\/rs\/2024\/08\/09\/ne-moras-vise-ziveti-u-strahu-i-plasiti-se-kako-ce-tvoje-prirodne-trepavice-izgledati-kada-skines-nadogradnju\/","url":"https:\/\/activeluxe-cosmetics.com\/rs\/2024\/08\/09\/ne-moras-vise-ziveti-u-strahu-i-plasiti-se-kako-ce-tvoje-prirodne-trepavice-izgledati-kada-skines-nadogradnju\/","name":"prirodne trepavice mogu izgledati bolje kad skine\u0161 nadogradnju","isPartOf":{"@id":"https:\/\/activeluxe-cosmetics.com\/rs\/#website"},"primaryImageOfPage":{"@id":"https:\/\/activeluxe-cosmetics.com\/rs\/2024\/08\/09\/ne-moras-vise-ziveti-u-strahu-i-plasiti-se-kako-ce-tvoje-prirodne-trepavice-izgledati-kada-skines-nadogradnju\/#primaryimage"},"image":{"@id":"https:\/\/activeluxe-cosmetics.com\/rs\/2024\/08\/09\/ne-moras-vise-ziveti-u-strahu-i-plasiti-se-kako-ce-tvoje-prirodne-trepavice-izgledati-kada-skines-nadogradnju\/#primaryimage"},"thumbnailUrl":"https:\/\/activeluxe-cosmetics.com\/rs\/wp-content\/uploads\/2024\/01\/Group-392-3.jpg","datePublished":"2024-08-09T08:20:30+00:00","dateModified":"2024-08-09T08:24:43+00:00","author":{"@id":"https:\/\/activeluxe-cosmetics.com\/rs\/#\/schema\/person\/cfcdf8dcc01ef622e84044588216b10e"},"breadcrumb":{"@id":"https:\/\/activeluxe-cosmetics.com\/rs\/2024\/08\/09\/ne-moras-vise-ziveti-u-strahu-i-plasiti-se-kako-ce-tvoje-prirodne-trepavice-izgledati-kada-skines-nadogradnju\/#breadcrumb"},"inLanguage":"hr","potentialAction":[{"@type":"ReadAction","target":["https:\/\/activeluxe-cosmetics.com\/rs\/2024\/08\/09\/ne-moras-vise-ziveti-u-strahu-i-plasiti-se-kako-ce-tvoje-prirodne-trepavice-izgledati-kada-skines-nadogradnju\/"]}]},{"@type":"ImageObject","inLanguage":"hr","@id":"https:\/\/activeluxe-cosmetics.com\/rs\/2024\/08\/09\/ne-moras-vise-ziveti-u-strahu-i-plasiti-se-kako-ce-tvoje-prirodne-trepavice-izgledati-kada-skines-nadogradnju\/#primaryimage","url":"https:\/\/activeluxe-cosmetics.com\/rs\/wp-content\/uploads\/2024\/01\/Group-392-3.jpg","contentUrl":"https:\/\/activeluxe-cosmetics.com\/rs\/wp-content\/uploads\/2024\/01\/Group-392-3.jpg","width":581,"height":738},{"@type":"BreadcrumbList","@id":"https:\/\/activeluxe-cosmetics.com\/rs\/2024\/08\/09\/ne-moras-vise-ziveti-u-strahu-i-plasiti-se-kako-ce-tvoje-prirodne-trepavice-izgledati-kada-skines-nadogradnju\/#breadcrumb","itemListElement":[{"@type":"ListItem","position":1,"name":"Naslovnica","item":"https:\/\/activeluxe-cosmetics.com\/rs\/"},{"@type":"ListItem","position":2,"name":"Ne mora\u0161 vi\u0161e \u017eiveti u strahu i pla\u0161iti se kako \u0107e tvoje prirodne trepavice izgledati kada skine\u0161 nadogradnju"}]},{"@type":"WebSite","@id":"https:\/\/activeluxe-cosmetics.com\/rs\/#website","url":"https:\/\/activeluxe-cosmetics.com\/rs\/","name":"Active Luxe Cosmetics","description":"","potentialAction":[{"@type":"SearchAction","target":{"@type":"EntryPoint","urlTemplate":"https:\/\/activeluxe-cosmetics.com\/rs\/?s={search_term_string}"},"query-input":{"@type":"PropertyValueSpecification","valueRequired":true,"valueName":"search_term_string"}}],"inLanguage":"hr"},{"@type":"Person","@id":"https:\/\/activeluxe-cosmetics.com\/rs\/#\/schema\/person\/cfcdf8dcc01ef622e84044588216b10e","name":"Radmila","image":{"@type":"ImageObject","inLanguage":"hr","@id":"https:\/\/activeluxe-cosmetics.com\/rs\/#\/schema\/person\/image\/","url":"https:\/\/secure.gravatar.com\/avatar\/175fec096ba678d3c5115ec19f34c117965ef04f286c9be82d1332a022df2617?s=96&d=mm&r=g","contentUrl":"https:\/\/secure.gravatar.com\/avatar\/175fec096ba678d3c5115ec19f34c117965ef04f286c9be82d1332a022df2617?s=96&d=mm&r=g","caption":"Radmila"},"url":"https:\/\/activeluxe-cosmetics.com\/rs\/author\/radmila\/"}]}},"_links":{"self":[{"href":"https:\/\/activeluxe-cosmetics.com\/rs\/wp-json\/wp\/v2\/posts\/83049","targetHints":{"allow":["GET"]}}],"collection":[{"href":"https:\/\/activeluxe-cosmetics.com\/rs\/wp-json\/wp\/v2\/posts"}],"about":[{"href":"https:\/\/activeluxe-cosmetics.com\/rs\/wp-json\/wp\/v2\/types\/post"}],"author":[{"embeddable":true,"href":"https:\/\/activeluxe-cosmetics.com\/rs\/wp-json\/wp\/v2\/users\/7"}],"replies":[{"embeddable":true,"href":"https:\/\/activeluxe-cosmetics.com\/rs\/wp-json\/wp\/v2\/comments?post=83049"}],"version-history":[{"count":2,"href":"https:\/\/activeluxe-cosmetics.com\/rs\/wp-json\/wp\/v2\/posts\/83049\/revisions"}],"predecessor-version":[{"id":83051,"href":"https:\/\/activeluxe-cosmetics.com\/rs\/wp-json\/wp\/v2\/posts\/83049\/revisions\/83051"}],"wp:featuredmedia":[{"embeddable":true,"href":"https:\/\/activeluxe-cosmetics.com\/rs\/wp-json\/wp\/v2\/media\/80617"}],"wp:attachment":[{"href":"https:\/\/activeluxe-cosmetics.com\/rs\/wp-json\/wp\/v2\/media?parent=83049"}],"wp:term":[{"taxonomy":"category","embeddable":true,"href":"https:\/\/activeluxe-cosmetics.com\/rs\/wp-json\/wp\/v2\/categories?post=83049"},{"taxonomy":"post_tag","embeddable":true,"href":"https:\/\/activeluxe-cosmetics.com\/rs\/wp-json\/wp\/v2\/tags?post=83049"}],"curies":[{"name":"wp","href":"https:\/\/api.w.org\/{rel}","templated":true}]}}