{"id":82802,"date":"2024-07-15T18:58:54","date_gmt":"2024-07-15T16:58:54","guid":{"rendered":"https:\/\/activeluxe-cosmetics.com\/rs\/?p=82802"},"modified":"2024-07-15T18:58:55","modified_gmt":"2024-07-15T16:58:55","slug":"zene-su-slozne-ova-marmelada-za-dobijanje-savrsenog-tena-na-suncu-je-vrhunska","status":"publish","type":"post","link":"https:\/\/activeluxe-cosmetics.com\/rs\/2024\/07\/15\/zene-su-slozne-ova-marmelada-za-dobijanje-savrsenog-tena-na-suncu-je-vrhunska\/","title":{"rendered":"\u017dene su slo\u017ene: ova marmelada za dobijanje savr\u0161enog tena na suncu je vrhunska!"},"content":{"rendered":"\n<p id=\"tw-target-text\">Leto 2024-e je stiglo! Pripreme za savr\u0161eno telo su intenzivno po\u010dele, a mi jedva \u010dekamo da zablistamo uz prelepo preplanuli ten! Ali kako da dobijemo boju ravnomerno bez preteranog izlaganja suncu i pri tome zadr\u017eimo postignut ten do jeseni?<\/p>\n\n\n\n<p>Upravo zbog ovih problema kreme za brzo dobijanje boje na suncu posljednjih godina su se pokazale kao izvrsna alternativa za bolje, br\u017ee i lep\u0161e tamnjenje ko\u017ee na suncu, pa nas ni ne \u010dudi da su do\u017eivele pravi uspon na tr\u017ei\u0161tu.<\/p>\n\n\n\n<figure class=\"wp-block-image size-large is-resized\"><img loading=\"lazy\" decoding=\"async\" width=\"1024\" height=\"683\" src=\"https:\/\/activeluxe-cosmetics.com\/rs\/wp-content\/uploads\/2024\/01\/RD2_7677-Rok-Dezelak-RD2dark-1024x683.jpg\" alt=\"\" class=\"wp-image-81887\" style=\"width:398px;height:auto\" srcset=\"https:\/\/activeluxe-cosmetics.com\/rs\/wp-content\/uploads\/2024\/01\/RD2_7677-Rok-Dezelak-RD2dark-1024x683.jpg 1024w, https:\/\/activeluxe-cosmetics.com\/rs\/wp-content\/uploads\/2024\/01\/RD2_7677-Rok-Dezelak-RD2dark-460x307.jpg 460w, https:\/\/activeluxe-cosmetics.com\/rs\/wp-content\/uploads\/2024\/01\/RD2_7677-Rok-Dezelak-RD2dark-768x512.jpg 768w, https:\/\/activeluxe-cosmetics.com\/rs\/wp-content\/uploads\/2024\/01\/RD2_7677-Rok-Dezelak-RD2dark-1536x1024.jpg 1536w, https:\/\/activeluxe-cosmetics.com\/rs\/wp-content\/uploads\/2024\/01\/RD2_7677-Rok-Dezelak-RD2dark-2048x1365.jpg 2048w, https:\/\/activeluxe-cosmetics.com\/rs\/wp-content\/uploads\/2024\/01\/RD2_7677-Rok-Dezelak-RD2dark-600x400.jpg 600w\" sizes=\"auto, (max-width: 1024px) 100vw, 1024px\" \/><\/figure>\n\n\n\n<h4 class=\"wp-block-heading\" id=\"tw-target-text\">Premium \u010dokoladna marmelada<\/h4>\n\n\n\n<p>Influenceri i entuzijasti\u010dni kupci isprobali su<strong>\u00a0Active Luxe Premium \u010dokoladnu marmeladu<\/strong>\u00a0za brzo tamnjenje na suncu. Premium \u010dokoladna marmelada za brzo tamnjenje na suncu o\u010darala je devojke i \u017eene svojim\u00a0<strong>luksuznim<\/strong>\u00a0<strong>pakovanjem<\/strong>, intenzivnim\u00a0<strong>mirisom<\/strong>\u00a0<strong>\u010dokolade<\/strong>\u00a0i laganom, nemasnom teksturom koja se brzo razmazuje i upija u ko\u017eu. I zaista, prvi put kada ko\u017eu nama\u017eete \u010dokoladnom marmeladom i nakratko se izlo\u017eite suncu, primeti\u0107ete kako \u0107e Vam ko\u017ea biti\u00a0<strong>nekoliko<\/strong>\u00a0<strong>nijansi<\/strong>\u00a0<strong>tamnija<\/strong>!<\/p>\n\n\n\n<figure class=\"wp-block-image size-large is-resized\"><img loading=\"lazy\" decoding=\"async\" width=\"683\" height=\"1024\" src=\"https:\/\/activeluxe-cosmetics.com\/rs\/wp-content\/uploads\/2024\/01\/RD2_7908-Rok-Dezelak-RD2.si-2-683x1024.jpg\" alt=\"\" class=\"wp-image-81889\" style=\"width:365px;height:auto\" srcset=\"https:\/\/activeluxe-cosmetics.com\/rs\/wp-content\/uploads\/2024\/01\/RD2_7908-Rok-Dezelak-RD2.si-2-683x1024.jpg 683w, https:\/\/activeluxe-cosmetics.com\/rs\/wp-content\/uploads\/2024\/01\/RD2_7908-Rok-Dezelak-RD2.si-2-460x690.jpg 460w, https:\/\/activeluxe-cosmetics.com\/rs\/wp-content\/uploads\/2024\/01\/RD2_7908-Rok-Dezelak-RD2.si-2-768x1152.jpg 768w, https:\/\/activeluxe-cosmetics.com\/rs\/wp-content\/uploads\/2024\/01\/RD2_7908-Rok-Dezelak-RD2.si-2-1024x1536.jpg 1024w, https:\/\/activeluxe-cosmetics.com\/rs\/wp-content\/uploads\/2024\/01\/RD2_7908-Rok-Dezelak-RD2.si-2-1365x2048.jpg 1365w, https:\/\/activeluxe-cosmetics.com\/rs\/wp-content\/uploads\/2024\/01\/RD2_7908-Rok-Dezelak-RD2.si-2-600x900.jpg 600w, https:\/\/activeluxe-cosmetics.com\/rs\/wp-content\/uploads\/2024\/01\/RD2_7908-Rok-Dezelak-RD2.si-2-scaled.jpg 1707w\" sizes=\"auto, (max-width: 683px) 100vw, 683px\" \/><\/figure>\n\n\n\n<h4 class=\"wp-block-heading\">Kako ko\u017ea mo\u017ee tako brzo potamneti?<\/h4>\n\n\n\n<p>Ova<strong>\u00a0Premium \u010dokoladna marmelada<\/strong>\u00a0sadr\u017ei sve odavno poznate sastojke za bu\u0111enje prirodnog tamnog pigmenta:\u00a0<strong>ulje \u0161argarepe, maslinovo i ruzmarinovo ulje, shea puter i arganovo ulje<\/strong>\u00a0koji dubinski hrane i obnavljaju suvu i od sunca umornu ko\u017eu. Premium \u010dokoladna marmelada tako\u0111e deluje kao\u00a0<strong>hidratantna<\/strong>\u00a0i\u00a0<strong>hranjiva<\/strong> krema\u00a0\u00a0za telo \u010dime odr\u017eava ko\u017eu preplanulom dugo nakon godi\u0161njeg odmora. Marmelada tako\u0111e sadr\u017ei fino mleveni zlatni prah koji va\u0161oj ko\u017ei trenutno daje\u00a0<strong>prelep<\/strong> i\u00a0<strong>sjajan<\/strong>\u00a0<strong>bronzani<\/strong>\u00a0<strong>ten<\/strong>. Va\u0161a ko\u017ea \u0107e za tren oka izgledati mladolikije, sve\u017eije i negovanije.<\/p>\n\n\n\n<figure class=\"wp-block-embed is-type-wp-embed is-provider-active-luxe-cosmetics wp-block-embed-active-luxe-cosmetics\"><div class=\"wp-block-embed__wrapper\">\n<blockquote class=\"wp-embedded-content\" data-secret=\"B6tzLGN9Bs\"><a href=\"https:\/\/activeluxe-cosmetics.com\/rs\/izdelek\/cokoladna-marmelada-za-suncanje\/\">\u010cokoladna marmelada za sun\u010danje<\/a><\/blockquote><iframe loading=\"lazy\" class=\"wp-embedded-content\" sandbox=\"allow-scripts\" security=\"restricted\" style=\"position: absolute; clip: rect(1px, 1px, 1px, 1px);\" title=\"&#8220;\u010cokoladna marmelada za sun\u010danje&#8221; &#8212; Active Luxe Cosmetics\" src=\"https:\/\/activeluxe-cosmetics.com\/rs\/izdelek\/cokoladna-marmelada-za-suncanje\/embed\/#?secret=FB4dqr66Lb#?secret=B6tzLGN9Bs\" data-secret=\"B6tzLGN9Bs\" width=\"600\" height=\"338\" frameborder=\"0\" marginwidth=\"0\" marginheight=\"0\" scrolling=\"no\"><\/iframe>\n<\/div><\/figure>\n\n\n\n<p><\/p>\n","protected":false},"excerpt":{"rendered":"<p>Leto 2024-e je stiglo! Pripreme za savr\u0161eno telo su intenzivno po\u010dele, a mi jedva \u010dekamo da zablistamo uz prelepo preplanuli ten! Ali kako da dobijemo&#8230;<\/p>\n","protected":false},"author":7,"featured_media":81087,"comment_status":"open","ping_status":"open","sticky":false,"template":"","format":"standard","meta":{"footnotes":""},"categories":[74],"tags":[],"class_list":["post-82802","post","type-post","status-publish","format-standard","has-post-thumbnail","hentry","category-sunce"],"acf":[],"yoast_head":"<!-- This site is optimized with the Yoast SEO plugin v26.5 - https:\/\/yoast.com\/wordpress\/plugins\/seo\/ -->\n<title>\u017dene su slo\u017ene: ova marmelada za dobijanje savr\u0161enog tena na suncu je vrhunska! - Active Luxe Cosmetics<\/title>\n<meta name=\"robots\" content=\"index, follow, max-snippet:-1, max-image-preview:large, max-video-preview:-1\" \/>\n<link rel=\"canonical\" href=\"https:\/\/activeluxe-cosmetics.com\/rs\/2024\/07\/15\/zene-su-slozne-ova-marmelada-za-dobijanje-savrsenog-tena-na-suncu-je-vrhunska\/\" \/>\n<meta property=\"og:locale\" content=\"hr_HR\" \/>\n<meta property=\"og:type\" content=\"article\" \/>\n<meta property=\"og:title\" content=\"\u017dene su slo\u017ene: ova marmelada za dobijanje savr\u0161enog tena na suncu je vrhunska! - Active Luxe Cosmetics\" \/>\n<meta property=\"og:description\" content=\"Leto 2024-e je stiglo! Pripreme za savr\u0161eno telo su intenzivno po\u010dele, a mi jedva \u010dekamo da zablistamo uz prelepo preplanuli ten! Ali kako da dobijemo...\" \/>\n<meta property=\"og:url\" content=\"https:\/\/activeluxe-cosmetics.com\/rs\/2024\/07\/15\/zene-su-slozne-ova-marmelada-za-dobijanje-savrsenog-tena-na-suncu-je-vrhunska\/\" \/>\n<meta property=\"og:site_name\" content=\"Active Luxe Cosmetics\" \/>\n<meta property=\"article:published_time\" content=\"2024-07-15T16:58:54+00:00\" \/>\n<meta property=\"article:modified_time\" content=\"2024-07-15T16:58:55+00:00\" \/>\n<meta property=\"og:image\" content=\"https:\/\/activeluxe-cosmetics.com\/rs\/wp-content\/uploads\/2024\/01\/Marmelada.jpg\" \/>\n\t<meta property=\"og:image:width\" content=\"864\" \/>\n\t<meta property=\"og:image:height\" content=\"954\" \/>\n\t<meta property=\"og:image:type\" content=\"image\/jpeg\" \/>\n<meta name=\"author\" content=\"Radmila\" \/>\n<meta name=\"twitter:card\" content=\"summary_large_image\" \/>\n<meta name=\"twitter:label1\" content=\"Napisao\/la\" \/>\n\t<meta name=\"twitter:data1\" content=\"Radmila\" \/>\n\t<meta name=\"twitter:label2\" content=\"Procijenjeno vrijeme \u010ditanja\" \/>\n\t<meta name=\"twitter:data2\" content=\"2 minute\" \/>\n<script type=\"application\/ld+json\" class=\"yoast-schema-graph\">{\"@context\":\"https:\/\/schema.org\",\"@graph\":[{\"@type\":\"WebPage\",\"@id\":\"https:\/\/activeluxe-cosmetics.com\/rs\/2024\/07\/15\/zene-su-slozne-ova-marmelada-za-dobijanje-savrsenog-tena-na-suncu-je-vrhunska\/\",\"url\":\"https:\/\/activeluxe-cosmetics.com\/rs\/2024\/07\/15\/zene-su-slozne-ova-marmelada-za-dobijanje-savrsenog-tena-na-suncu-je-vrhunska\/\",\"name\":\"\u017dene su slo\u017ene: ova marmelada za dobijanje savr\u0161enog tena na suncu je vrhunska! - Active Luxe Cosmetics\",\"isPartOf\":{\"@id\":\"https:\/\/activeluxe-cosmetics.com\/rs\/#website\"},\"primaryImageOfPage\":{\"@id\":\"https:\/\/activeluxe-cosmetics.com\/rs\/2024\/07\/15\/zene-su-slozne-ova-marmelada-za-dobijanje-savrsenog-tena-na-suncu-je-vrhunska\/#primaryimage\"},\"image\":{\"@id\":\"https:\/\/activeluxe-cosmetics.com\/rs\/2024\/07\/15\/zene-su-slozne-ova-marmelada-za-dobijanje-savrsenog-tena-na-suncu-je-vrhunska\/#primaryimage\"},\"thumbnailUrl\":\"https:\/\/activeluxe-cosmetics.com\/rs\/wp-content\/uploads\/2024\/01\/Marmelada.jpg\",\"datePublished\":\"2024-07-15T16:58:54+00:00\",\"dateModified\":\"2024-07-15T16:58:55+00:00\",\"author\":{\"@id\":\"https:\/\/activeluxe-cosmetics.com\/rs\/#\/schema\/person\/cfcdf8dcc01ef622e84044588216b10e\"},\"breadcrumb\":{\"@id\":\"https:\/\/activeluxe-cosmetics.com\/rs\/2024\/07\/15\/zene-su-slozne-ova-marmelada-za-dobijanje-savrsenog-tena-na-suncu-je-vrhunska\/#breadcrumb\"},\"inLanguage\":\"hr\",\"potentialAction\":[{\"@type\":\"ReadAction\",\"target\":[\"https:\/\/activeluxe-cosmetics.com\/rs\/2024\/07\/15\/zene-su-slozne-ova-marmelada-za-dobijanje-savrsenog-tena-na-suncu-je-vrhunska\/\"]}]},{\"@type\":\"ImageObject\",\"inLanguage\":\"hr\",\"@id\":\"https:\/\/activeluxe-cosmetics.com\/rs\/2024\/07\/15\/zene-su-slozne-ova-marmelada-za-dobijanje-savrsenog-tena-na-suncu-je-vrhunska\/#primaryimage\",\"url\":\"https:\/\/activeluxe-cosmetics.com\/rs\/wp-content\/uploads\/2024\/01\/Marmelada.jpg\",\"contentUrl\":\"https:\/\/activeluxe-cosmetics.com\/rs\/wp-content\/uploads\/2024\/01\/Marmelada.jpg\",\"width\":864,\"height\":954},{\"@type\":\"BreadcrumbList\",\"@id\":\"https:\/\/activeluxe-cosmetics.com\/rs\/2024\/07\/15\/zene-su-slozne-ova-marmelada-za-dobijanje-savrsenog-tena-na-suncu-je-vrhunska\/#breadcrumb\",\"itemListElement\":[{\"@type\":\"ListItem\",\"position\":1,\"name\":\"Naslovnica\",\"item\":\"https:\/\/activeluxe-cosmetics.com\/rs\/\"},{\"@type\":\"ListItem\",\"position\":2,\"name\":\"\u017dene su slo\u017ene: ova marmelada za dobijanje savr\u0161enog tena na suncu je vrhunska!\"}]},{\"@type\":\"WebSite\",\"@id\":\"https:\/\/activeluxe-cosmetics.com\/rs\/#website\",\"url\":\"https:\/\/activeluxe-cosmetics.com\/rs\/\",\"name\":\"Active Luxe Cosmetics\",\"description\":\"\",\"potentialAction\":[{\"@type\":\"SearchAction\",\"target\":{\"@type\":\"EntryPoint\",\"urlTemplate\":\"https:\/\/activeluxe-cosmetics.com\/rs\/?s={search_term_string}\"},\"query-input\":{\"@type\":\"PropertyValueSpecification\",\"valueRequired\":true,\"valueName\":\"search_term_string\"}}],\"inLanguage\":\"hr\"},{\"@type\":\"Person\",\"@id\":\"https:\/\/activeluxe-cosmetics.com\/rs\/#\/schema\/person\/cfcdf8dcc01ef622e84044588216b10e\",\"name\":\"Radmila\",\"image\":{\"@type\":\"ImageObject\",\"inLanguage\":\"hr\",\"@id\":\"https:\/\/activeluxe-cosmetics.com\/rs\/#\/schema\/person\/image\/\",\"url\":\"https:\/\/secure.gravatar.com\/avatar\/175fec096ba678d3c5115ec19f34c117965ef04f286c9be82d1332a022df2617?s=96&d=mm&r=g\",\"contentUrl\":\"https:\/\/secure.gravatar.com\/avatar\/175fec096ba678d3c5115ec19f34c117965ef04f286c9be82d1332a022df2617?s=96&d=mm&r=g\",\"caption\":\"Radmila\"},\"url\":\"https:\/\/activeluxe-cosmetics.com\/rs\/author\/radmila\/\"}]}<\/script>\n<!-- \/ Yoast SEO plugin. -->","yoast_head_json":{"title":"\u017dene su slo\u017ene: ova marmelada za dobijanje savr\u0161enog tena na suncu je vrhunska! - Active Luxe Cosmetics","robots":{"index":"index","follow":"follow","max-snippet":"max-snippet:-1","max-image-preview":"max-image-preview:large","max-video-preview":"max-video-preview:-1"},"canonical":"https:\/\/activeluxe-cosmetics.com\/rs\/2024\/07\/15\/zene-su-slozne-ova-marmelada-za-dobijanje-savrsenog-tena-na-suncu-je-vrhunska\/","og_locale":"hr_HR","og_type":"article","og_title":"\u017dene su slo\u017ene: ova marmelada za dobijanje savr\u0161enog tena na suncu je vrhunska! - Active Luxe Cosmetics","og_description":"Leto 2024-e je stiglo! Pripreme za savr\u0161eno telo su intenzivno po\u010dele, a mi jedva \u010dekamo da zablistamo uz prelepo preplanuli ten! Ali kako da dobijemo...","og_url":"https:\/\/activeluxe-cosmetics.com\/rs\/2024\/07\/15\/zene-su-slozne-ova-marmelada-za-dobijanje-savrsenog-tena-na-suncu-je-vrhunska\/","og_site_name":"Active Luxe Cosmetics","article_published_time":"2024-07-15T16:58:54+00:00","article_modified_time":"2024-07-15T16:58:55+00:00","og_image":[{"width":864,"height":954,"url":"https:\/\/activeluxe-cosmetics.com\/rs\/wp-content\/uploads\/2024\/01\/Marmelada.jpg","type":"image\/jpeg"}],"author":"Radmila","twitter_card":"summary_large_image","twitter_misc":{"Napisao\/la":"Radmila","Procijenjeno vrijeme \u010ditanja":"2 minute"},"schema":{"@context":"https:\/\/schema.org","@graph":[{"@type":"WebPage","@id":"https:\/\/activeluxe-cosmetics.com\/rs\/2024\/07\/15\/zene-su-slozne-ova-marmelada-za-dobijanje-savrsenog-tena-na-suncu-je-vrhunska\/","url":"https:\/\/activeluxe-cosmetics.com\/rs\/2024\/07\/15\/zene-su-slozne-ova-marmelada-za-dobijanje-savrsenog-tena-na-suncu-je-vrhunska\/","name":"\u017dene su slo\u017ene: ova marmelada za dobijanje savr\u0161enog tena na suncu je vrhunska! - Active Luxe Cosmetics","isPartOf":{"@id":"https:\/\/activeluxe-cosmetics.com\/rs\/#website"},"primaryImageOfPage":{"@id":"https:\/\/activeluxe-cosmetics.com\/rs\/2024\/07\/15\/zene-su-slozne-ova-marmelada-za-dobijanje-savrsenog-tena-na-suncu-je-vrhunska\/#primaryimage"},"image":{"@id":"https:\/\/activeluxe-cosmetics.com\/rs\/2024\/07\/15\/zene-su-slozne-ova-marmelada-za-dobijanje-savrsenog-tena-na-suncu-je-vrhunska\/#primaryimage"},"thumbnailUrl":"https:\/\/activeluxe-cosmetics.com\/rs\/wp-content\/uploads\/2024\/01\/Marmelada.jpg","datePublished":"2024-07-15T16:58:54+00:00","dateModified":"2024-07-15T16:58:55+00:00","author":{"@id":"https:\/\/activeluxe-cosmetics.com\/rs\/#\/schema\/person\/cfcdf8dcc01ef622e84044588216b10e"},"breadcrumb":{"@id":"https:\/\/activeluxe-cosmetics.com\/rs\/2024\/07\/15\/zene-su-slozne-ova-marmelada-za-dobijanje-savrsenog-tena-na-suncu-je-vrhunska\/#breadcrumb"},"inLanguage":"hr","potentialAction":[{"@type":"ReadAction","target":["https:\/\/activeluxe-cosmetics.com\/rs\/2024\/07\/15\/zene-su-slozne-ova-marmelada-za-dobijanje-savrsenog-tena-na-suncu-je-vrhunska\/"]}]},{"@type":"ImageObject","inLanguage":"hr","@id":"https:\/\/activeluxe-cosmetics.com\/rs\/2024\/07\/15\/zene-su-slozne-ova-marmelada-za-dobijanje-savrsenog-tena-na-suncu-je-vrhunska\/#primaryimage","url":"https:\/\/activeluxe-cosmetics.com\/rs\/wp-content\/uploads\/2024\/01\/Marmelada.jpg","contentUrl":"https:\/\/activeluxe-cosmetics.com\/rs\/wp-content\/uploads\/2024\/01\/Marmelada.jpg","width":864,"height":954},{"@type":"BreadcrumbList","@id":"https:\/\/activeluxe-cosmetics.com\/rs\/2024\/07\/15\/zene-su-slozne-ova-marmelada-za-dobijanje-savrsenog-tena-na-suncu-je-vrhunska\/#breadcrumb","itemListElement":[{"@type":"ListItem","position":1,"name":"Naslovnica","item":"https:\/\/activeluxe-cosmetics.com\/rs\/"},{"@type":"ListItem","position":2,"name":"\u017dene su slo\u017ene: ova marmelada za dobijanje savr\u0161enog tena na suncu je vrhunska!"}]},{"@type":"WebSite","@id":"https:\/\/activeluxe-cosmetics.com\/rs\/#website","url":"https:\/\/activeluxe-cosmetics.com\/rs\/","name":"Active Luxe Cosmetics","description":"","potentialAction":[{"@type":"SearchAction","target":{"@type":"EntryPoint","urlTemplate":"https:\/\/activeluxe-cosmetics.com\/rs\/?s={search_term_string}"},"query-input":{"@type":"PropertyValueSpecification","valueRequired":true,"valueName":"search_term_string"}}],"inLanguage":"hr"},{"@type":"Person","@id":"https:\/\/activeluxe-cosmetics.com\/rs\/#\/schema\/person\/cfcdf8dcc01ef622e84044588216b10e","name":"Radmila","image":{"@type":"ImageObject","inLanguage":"hr","@id":"https:\/\/activeluxe-cosmetics.com\/rs\/#\/schema\/person\/image\/","url":"https:\/\/secure.gravatar.com\/avatar\/175fec096ba678d3c5115ec19f34c117965ef04f286c9be82d1332a022df2617?s=96&d=mm&r=g","contentUrl":"https:\/\/secure.gravatar.com\/avatar\/175fec096ba678d3c5115ec19f34c117965ef04f286c9be82d1332a022df2617?s=96&d=mm&r=g","caption":"Radmila"},"url":"https:\/\/activeluxe-cosmetics.com\/rs\/author\/radmila\/"}]}},"_links":{"self":[{"href":"https:\/\/activeluxe-cosmetics.com\/rs\/wp-json\/wp\/v2\/posts\/82802","targetHints":{"allow":["GET"]}}],"collection":[{"href":"https:\/\/activeluxe-cosmetics.com\/rs\/wp-json\/wp\/v2\/posts"}],"about":[{"href":"https:\/\/activeluxe-cosmetics.com\/rs\/wp-json\/wp\/v2\/types\/post"}],"author":[{"embeddable":true,"href":"https:\/\/activeluxe-cosmetics.com\/rs\/wp-json\/wp\/v2\/users\/7"}],"replies":[{"embeddable":true,"href":"https:\/\/activeluxe-cosmetics.com\/rs\/wp-json\/wp\/v2\/comments?post=82802"}],"version-history":[{"count":2,"href":"https:\/\/activeluxe-cosmetics.com\/rs\/wp-json\/wp\/v2\/posts\/82802\/revisions"}],"predecessor-version":[{"id":82805,"href":"https:\/\/activeluxe-cosmetics.com\/rs\/wp-json\/wp\/v2\/posts\/82802\/revisions\/82805"}],"wp:featuredmedia":[{"embeddable":true,"href":"https:\/\/activeluxe-cosmetics.com\/rs\/wp-json\/wp\/v2\/media\/81087"}],"wp:attachment":[{"href":"https:\/\/activeluxe-cosmetics.com\/rs\/wp-json\/wp\/v2\/media?parent=82802"}],"wp:term":[{"taxonomy":"category","embeddable":true,"href":"https:\/\/activeluxe-cosmetics.com\/rs\/wp-json\/wp\/v2\/categories?post=82802"},{"taxonomy":"post_tag","embeddable":true,"href":"https:\/\/activeluxe-cosmetics.com\/rs\/wp-json\/wp\/v2\/tags?post=82802"}],"curies":[{"name":"wp","href":"https:\/\/api.w.org\/{rel}","templated":true}]}}