{"id":82172,"date":"2024-05-15T15:53:18","date_gmt":"2024-05-15T13:53:18","guid":{"rendered":"https:\/\/activeluxe-cosmetics.com\/rs\/?p=82172"},"modified":"2024-05-15T15:55:12","modified_gmt":"2024-05-15T13:55:12","slug":"jako-brzo-tamnjenje-bez-dugotrajnog-suncanja","status":"publish","type":"post","link":"https:\/\/activeluxe-cosmetics.com\/rs\/2024\/05\/15\/jako-brzo-tamnjenje-bez-dugotrajnog-suncanja\/","title":{"rendered":"Jako brzo do savr\u0161eno preplanulog tena bez dugog izlaganja suncu"},"content":{"rendered":"\n\n\n<p id=\"tw-target-text\"><strong>Ovog leta mo\u017eete zaboraviti na neujedna\u010den ten! Problem nije u genima ili premalom izlaganju suncu, a ni u tome da mesec dana sedite i da se sun\u010date, da biste postigli rezultat! Kada je re\u010d o dobijanju tena, klju\u010d je u va\u0161em prirodnom pigmentu koji je \u010desto u stanju mirovanja. Intenzitet tamnjenja zavisi o aktivaciji va\u0161eg pigmenta. Potrebno ga je samo probuditi i potstaknuti da se aktivira.<\/strong><\/p>\n\n\n\n<p id=\"tw-target-text\">Taj zadatak odli\u010dno obavlja na\u0161a<strong>\u00a0Premium \u010dokoladna marmelada<\/strong>\u00a0za kojom su sve \u017eene poludele. Javile su nam se odu\u0161evljene korisnice i istaknule\u00a0<strong>prelepo<\/strong>\u00a0<strong>pakovanje<\/strong>\u00a0i\u00a0<strong>bo\u017eanstven<\/strong>\u00a0<strong>miris<\/strong>\u00a0ove \u010dokoladne marmelade za dobijanje savr\u0161enog tena. Marmelada dolazi u\u00a0<strong>luksuznom zlatno-crnom pakovanju<\/strong>\u00a0koje se lako otvara i odr\u017eava svoju teksturu, tako da ne morate brinuti da \u0107e se otopiti i razliti pod jakim suncem. Prelepi miris \u010dokolade i narand\u017ee jako podse\u0107a na ukusne\u00a0<strong>Jaffa keksi\u0107e<\/strong>\u00a0i dugo \u0107e se zadr\u017eati na va\u0161oj ko\u017ei. Svi ljubitelji \u010dokolade obo\u017eava\u0107e ovu marmeladu za sun\u010danje!<\/p>\n\n\n\n<figure class=\"wp-block-image size-large is-resized\"><img loading=\"lazy\" decoding=\"async\" width=\"1024\" height=\"683\" src=\"https:\/\/activeluxe-cosmetics.com\/rs\/wp-content\/uploads\/2024\/01\/RD2_7677-Rok-Dezelak-RD2dark-1024x683.jpg\" alt=\"\" class=\"wp-image-81887\" style=\"aspect-ratio:1.3333333333333333;object-fit:cover;width:476px;height:auto\" srcset=\"https:\/\/activeluxe-cosmetics.com\/rs\/wp-content\/uploads\/2024\/01\/RD2_7677-Rok-Dezelak-RD2dark-1024x683.jpg 1024w, https:\/\/activeluxe-cosmetics.com\/rs\/wp-content\/uploads\/2024\/01\/RD2_7677-Rok-Dezelak-RD2dark-460x307.jpg 460w, https:\/\/activeluxe-cosmetics.com\/rs\/wp-content\/uploads\/2024\/01\/RD2_7677-Rok-Dezelak-RD2dark-768x512.jpg 768w, https:\/\/activeluxe-cosmetics.com\/rs\/wp-content\/uploads\/2024\/01\/RD2_7677-Rok-Dezelak-RD2dark-1536x1024.jpg 1536w, https:\/\/activeluxe-cosmetics.com\/rs\/wp-content\/uploads\/2024\/01\/RD2_7677-Rok-Dezelak-RD2dark-2048x1365.jpg 2048w, https:\/\/activeluxe-cosmetics.com\/rs\/wp-content\/uploads\/2024\/01\/RD2_7677-Rok-Dezelak-RD2dark-600x400.jpg 600w\" sizes=\"auto, (max-width: 1024px) 100vw, 1024px\" \/><\/figure>\n\n\n\n<p id=\"tw-target-text\">Na\u0161e kupce odu\u0161evila je i \u010dinjenica da ko\u017ea nakon prvog nano\u0161enja i izlaganja suncu\u00a0<strong>postaje nekoliko nijansi tamnija<\/strong>. Dovoljno je samo jedno nano\u0161enje za prvi rezultat! Prelepe\u00a0<strong>zlatne<\/strong>\u00a0<strong>\u0161ljokice<\/strong> daju trenutnu\u00a0<strong>bronzanu<\/strong>\u00a0<strong>boju<\/strong>, koja trenutno stvara efekt tamne i izrazito sjajne ko\u017ee.<\/p>\n\n\n\n<p>Posebna<strong>\u00a0care &amp; tan formula<\/strong>\u00a0tako\u0111e omogu\u0107ava meku i dubinski nahranjenu ko\u017eu. Marmelada sadr\u017ei najbolji\u00a0<strong>shea<\/strong>\u00a0<strong>maslac<\/strong>\u00a0i\u00a0<strong>arganovo<\/strong>\u00a0<strong>ulje<\/strong>, a izvrsna je i kao\u00a0<strong>hranjivi<\/strong>\u00a0<strong>puter<\/strong>\u00a0za telo. \u0160titi ko\u017eu od isu\u0161ivanja na suncu i dubinski je hidrira. Sadr\u017ei i dobro poznate sastojke koji su zadu\u017eeni za bu\u0111enje tamnog pigmenta:\u00a0<strong>ulje \u0161argarepe, masline i ruzmarina.<\/strong><\/p>\n\n\n\n<figure class=\"wp-block-image size-full is-resized\"><img loading=\"lazy\" decoding=\"async\" width=\"864\" height=\"954\" src=\"https:\/\/activeluxe-cosmetics.com\/rs\/wp-content\/uploads\/2024\/01\/Marmelada.jpg\" alt=\"\" class=\"wp-image-81087\" style=\"aspect-ratio:1.3333333333333333;object-fit:cover;width:473px;height:auto\" srcset=\"https:\/\/activeluxe-cosmetics.com\/rs\/wp-content\/uploads\/2024\/01\/Marmelada.jpg 864w, https:\/\/activeluxe-cosmetics.com\/rs\/wp-content\/uploads\/2024\/01\/Marmelada-460x508.jpg 460w, https:\/\/activeluxe-cosmetics.com\/rs\/wp-content\/uploads\/2024\/01\/Marmelada-768x848.jpg 768w, https:\/\/activeluxe-cosmetics.com\/rs\/wp-content\/uploads\/2024\/01\/Marmelada-600x663.jpg 600w\" sizes=\"auto, (max-width: 864px) 100vw, 864px\" \/><\/figure>\n\n\n\n<p>\u010cak i ako ove godine ne idete na more, mo\u017eete se pobrinuti za svoju preplanulost. Nanesite Premium \u010dokoladnu marmeladu nekoliko puta i nakratko se izlo\u017eite suncu kod ku\u0107e. Va\u0161a ko\u017ea \u0107e izgledati ba\u0161 kao da ste nedelju dana\u00a0<strong>u\u017eivali<\/strong>\u00a0u\u00a0<strong>moru<\/strong>\u00a0i\u00a0<strong>suncu<\/strong>. Ali pre nano\u0161enja marmelade ne zaboravite na obvezni\u00a0<strong>spf<\/strong>\u00a0<strong>faktor<\/strong>, kako bi va\u0161e izlaganje suncu bilo sigurno i odgovorno.<\/p>\n\n\n\n<figure class=\"wp-block-embed is-type-wp-embed is-provider-active-luxe-cosmetics wp-block-embed-active-luxe-cosmetics\"><div class=\"wp-block-embed__wrapper\">\n<blockquote class=\"wp-embedded-content\" data-secret=\"RIvCEqp8xn\"><a href=\"https:\/\/activeluxe-cosmetics.com\/rs\/izdelek\/11-gratis-marmelada-za-suncanje\/\">1+1 gratis Marmelada za sun\u010danje<\/a><\/blockquote><iframe loading=\"lazy\" class=\"wp-embedded-content\" sandbox=\"allow-scripts\" security=\"restricted\" style=\"position: absolute; clip: rect(1px, 1px, 1px, 1px);\" title=\"&#8220;1+1 gratis Marmelada za sun\u010danje&#8221; &#8212; Active Luxe Cosmetics\" src=\"https:\/\/activeluxe-cosmetics.com\/rs\/izdelek\/11-gratis-marmelada-za-suncanje\/embed\/#?secret=L4murZNZtK#?secret=RIvCEqp8xn\" data-secret=\"RIvCEqp8xn\" width=\"600\" height=\"338\" frameborder=\"0\" marginwidth=\"0\" marginheight=\"0\" scrolling=\"no\"><\/iframe>\n<\/div><\/figure>\n","protected":false},"excerpt":{"rendered":"<p>Ovog leta mo\u017eete zaboraviti na neujedna\u010den ten!<\/p>\n","protected":false},"author":7,"featured_media":82173,"comment_status":"open","ping_status":"open","sticky":false,"template":"","format":"standard","meta":{"footnotes":""},"categories":[74],"tags":[],"class_list":["post-82172","post","type-post","status-publish","format-standard","has-post-thumbnail","hentry","category-sunce"],"acf":[],"yoast_head":"<!-- This site is optimized with the Yoast SEO plugin v26.5 - https:\/\/yoast.com\/wordpress\/plugins\/seo\/ -->\n<title>Jako brzo do savr\u0161eno preplanulog tena bez dugog izlaganja suncu - Active Luxe Cosmetics<\/title>\n<meta name=\"robots\" content=\"index, follow, max-snippet:-1, max-image-preview:large, max-video-preview:-1\" \/>\n<link rel=\"canonical\" href=\"https:\/\/activeluxe-cosmetics.com\/rs\/2024\/05\/15\/jako-brzo-tamnjenje-bez-dugotrajnog-suncanja\/\" \/>\n<meta property=\"og:locale\" content=\"hr_HR\" \/>\n<meta property=\"og:type\" content=\"article\" \/>\n<meta property=\"og:title\" content=\"Jako brzo do savr\u0161eno preplanulog tena bez dugog izlaganja suncu - Active Luxe Cosmetics\" \/>\n<meta property=\"og:description\" content=\"Ovog leta mo\u017eete zaboraviti na neujedna\u010den ten!\" \/>\n<meta property=\"og:url\" content=\"https:\/\/activeluxe-cosmetics.com\/rs\/2024\/05\/15\/jako-brzo-tamnjenje-bez-dugotrajnog-suncanja\/\" \/>\n<meta property=\"og:site_name\" content=\"Active Luxe Cosmetics\" \/>\n<meta property=\"article:published_time\" content=\"2024-05-15T13:53:18+00:00\" \/>\n<meta property=\"article:modified_time\" content=\"2024-05-15T13:55:12+00:00\" \/>\n<meta property=\"og:image\" content=\"https:\/\/activeluxe-cosmetics.com\/rs\/wp-content\/uploads\/2024\/05\/Izdelek-brez-naslova-84-1-819x1024-1.png\" \/>\n\t<meta property=\"og:image:width\" content=\"819\" \/>\n\t<meta property=\"og:image:height\" content=\"1024\" \/>\n\t<meta property=\"og:image:type\" content=\"image\/png\" \/>\n<meta name=\"author\" content=\"Radmila\" \/>\n<meta name=\"twitter:card\" content=\"summary_large_image\" \/>\n<meta name=\"twitter:label1\" content=\"Napisao\/la\" \/>\n\t<meta name=\"twitter:data1\" content=\"Radmila\" \/>\n\t<meta name=\"twitter:label2\" content=\"Procijenjeno vrijeme \u010ditanja\" \/>\n\t<meta name=\"twitter:data2\" content=\"3 minute\" \/>\n<script type=\"application\/ld+json\" class=\"yoast-schema-graph\">{\"@context\":\"https:\/\/schema.org\",\"@graph\":[{\"@type\":\"WebPage\",\"@id\":\"https:\/\/activeluxe-cosmetics.com\/rs\/2024\/05\/15\/jako-brzo-tamnjenje-bez-dugotrajnog-suncanja\/\",\"url\":\"https:\/\/activeluxe-cosmetics.com\/rs\/2024\/05\/15\/jako-brzo-tamnjenje-bez-dugotrajnog-suncanja\/\",\"name\":\"Jako brzo do savr\u0161eno preplanulog tena bez dugog izlaganja suncu - Active Luxe Cosmetics\",\"isPartOf\":{\"@id\":\"https:\/\/activeluxe-cosmetics.com\/rs\/#website\"},\"primaryImageOfPage\":{\"@id\":\"https:\/\/activeluxe-cosmetics.com\/rs\/2024\/05\/15\/jako-brzo-tamnjenje-bez-dugotrajnog-suncanja\/#primaryimage\"},\"image\":{\"@id\":\"https:\/\/activeluxe-cosmetics.com\/rs\/2024\/05\/15\/jako-brzo-tamnjenje-bez-dugotrajnog-suncanja\/#primaryimage\"},\"thumbnailUrl\":\"https:\/\/activeluxe-cosmetics.com\/rs\/wp-content\/uploads\/2024\/05\/Izdelek-brez-naslova-84-1-819x1024-1.png\",\"datePublished\":\"2024-05-15T13:53:18+00:00\",\"dateModified\":\"2024-05-15T13:55:12+00:00\",\"author\":{\"@id\":\"https:\/\/activeluxe-cosmetics.com\/rs\/#\/schema\/person\/cfcdf8dcc01ef622e84044588216b10e\"},\"breadcrumb\":{\"@id\":\"https:\/\/activeluxe-cosmetics.com\/rs\/2024\/05\/15\/jako-brzo-tamnjenje-bez-dugotrajnog-suncanja\/#breadcrumb\"},\"inLanguage\":\"hr\",\"potentialAction\":[{\"@type\":\"ReadAction\",\"target\":[\"https:\/\/activeluxe-cosmetics.com\/rs\/2024\/05\/15\/jako-brzo-tamnjenje-bez-dugotrajnog-suncanja\/\"]}]},{\"@type\":\"ImageObject\",\"inLanguage\":\"hr\",\"@id\":\"https:\/\/activeluxe-cosmetics.com\/rs\/2024\/05\/15\/jako-brzo-tamnjenje-bez-dugotrajnog-suncanja\/#primaryimage\",\"url\":\"https:\/\/activeluxe-cosmetics.com\/rs\/wp-content\/uploads\/2024\/05\/Izdelek-brez-naslova-84-1-819x1024-1.png\",\"contentUrl\":\"https:\/\/activeluxe-cosmetics.com\/rs\/wp-content\/uploads\/2024\/05\/Izdelek-brez-naslova-84-1-819x1024-1.png\",\"width\":819,\"height\":1024},{\"@type\":\"BreadcrumbList\",\"@id\":\"https:\/\/activeluxe-cosmetics.com\/rs\/2024\/05\/15\/jako-brzo-tamnjenje-bez-dugotrajnog-suncanja\/#breadcrumb\",\"itemListElement\":[{\"@type\":\"ListItem\",\"position\":1,\"name\":\"Naslovnica\",\"item\":\"https:\/\/activeluxe-cosmetics.com\/rs\/\"},{\"@type\":\"ListItem\",\"position\":2,\"name\":\"Jako brzo do savr\u0161eno preplanulog tena bez dugog izlaganja suncu\"}]},{\"@type\":\"WebSite\",\"@id\":\"https:\/\/activeluxe-cosmetics.com\/rs\/#website\",\"url\":\"https:\/\/activeluxe-cosmetics.com\/rs\/\",\"name\":\"Active Luxe Cosmetics\",\"description\":\"\",\"potentialAction\":[{\"@type\":\"SearchAction\",\"target\":{\"@type\":\"EntryPoint\",\"urlTemplate\":\"https:\/\/activeluxe-cosmetics.com\/rs\/?s={search_term_string}\"},\"query-input\":{\"@type\":\"PropertyValueSpecification\",\"valueRequired\":true,\"valueName\":\"search_term_string\"}}],\"inLanguage\":\"hr\"},{\"@type\":\"Person\",\"@id\":\"https:\/\/activeluxe-cosmetics.com\/rs\/#\/schema\/person\/cfcdf8dcc01ef622e84044588216b10e\",\"name\":\"Radmila\",\"image\":{\"@type\":\"ImageObject\",\"inLanguage\":\"hr\",\"@id\":\"https:\/\/activeluxe-cosmetics.com\/rs\/#\/schema\/person\/image\/\",\"url\":\"https:\/\/secure.gravatar.com\/avatar\/175fec096ba678d3c5115ec19f34c117965ef04f286c9be82d1332a022df2617?s=96&d=mm&r=g\",\"contentUrl\":\"https:\/\/secure.gravatar.com\/avatar\/175fec096ba678d3c5115ec19f34c117965ef04f286c9be82d1332a022df2617?s=96&d=mm&r=g\",\"caption\":\"Radmila\"},\"url\":\"https:\/\/activeluxe-cosmetics.com\/rs\/author\/radmila\/\"}]}<\/script>\n<!-- \/ Yoast SEO plugin. -->","yoast_head_json":{"title":"Jako brzo do savr\u0161eno preplanulog tena bez dugog izlaganja suncu - Active Luxe Cosmetics","robots":{"index":"index","follow":"follow","max-snippet":"max-snippet:-1","max-image-preview":"max-image-preview:large","max-video-preview":"max-video-preview:-1"},"canonical":"https:\/\/activeluxe-cosmetics.com\/rs\/2024\/05\/15\/jako-brzo-tamnjenje-bez-dugotrajnog-suncanja\/","og_locale":"hr_HR","og_type":"article","og_title":"Jako brzo do savr\u0161eno preplanulog tena bez dugog izlaganja suncu - Active Luxe Cosmetics","og_description":"Ovog leta mo\u017eete zaboraviti na neujedna\u010den ten!","og_url":"https:\/\/activeluxe-cosmetics.com\/rs\/2024\/05\/15\/jako-brzo-tamnjenje-bez-dugotrajnog-suncanja\/","og_site_name":"Active Luxe Cosmetics","article_published_time":"2024-05-15T13:53:18+00:00","article_modified_time":"2024-05-15T13:55:12+00:00","og_image":[{"width":819,"height":1024,"url":"https:\/\/activeluxe-cosmetics.com\/rs\/wp-content\/uploads\/2024\/05\/Izdelek-brez-naslova-84-1-819x1024-1.png","type":"image\/png"}],"author":"Radmila","twitter_card":"summary_large_image","twitter_misc":{"Napisao\/la":"Radmila","Procijenjeno vrijeme \u010ditanja":"3 minute"},"schema":{"@context":"https:\/\/schema.org","@graph":[{"@type":"WebPage","@id":"https:\/\/activeluxe-cosmetics.com\/rs\/2024\/05\/15\/jako-brzo-tamnjenje-bez-dugotrajnog-suncanja\/","url":"https:\/\/activeluxe-cosmetics.com\/rs\/2024\/05\/15\/jako-brzo-tamnjenje-bez-dugotrajnog-suncanja\/","name":"Jako brzo do savr\u0161eno preplanulog tena bez dugog izlaganja suncu - Active Luxe Cosmetics","isPartOf":{"@id":"https:\/\/activeluxe-cosmetics.com\/rs\/#website"},"primaryImageOfPage":{"@id":"https:\/\/activeluxe-cosmetics.com\/rs\/2024\/05\/15\/jako-brzo-tamnjenje-bez-dugotrajnog-suncanja\/#primaryimage"},"image":{"@id":"https:\/\/activeluxe-cosmetics.com\/rs\/2024\/05\/15\/jako-brzo-tamnjenje-bez-dugotrajnog-suncanja\/#primaryimage"},"thumbnailUrl":"https:\/\/activeluxe-cosmetics.com\/rs\/wp-content\/uploads\/2024\/05\/Izdelek-brez-naslova-84-1-819x1024-1.png","datePublished":"2024-05-15T13:53:18+00:00","dateModified":"2024-05-15T13:55:12+00:00","author":{"@id":"https:\/\/activeluxe-cosmetics.com\/rs\/#\/schema\/person\/cfcdf8dcc01ef622e84044588216b10e"},"breadcrumb":{"@id":"https:\/\/activeluxe-cosmetics.com\/rs\/2024\/05\/15\/jako-brzo-tamnjenje-bez-dugotrajnog-suncanja\/#breadcrumb"},"inLanguage":"hr","potentialAction":[{"@type":"ReadAction","target":["https:\/\/activeluxe-cosmetics.com\/rs\/2024\/05\/15\/jako-brzo-tamnjenje-bez-dugotrajnog-suncanja\/"]}]},{"@type":"ImageObject","inLanguage":"hr","@id":"https:\/\/activeluxe-cosmetics.com\/rs\/2024\/05\/15\/jako-brzo-tamnjenje-bez-dugotrajnog-suncanja\/#primaryimage","url":"https:\/\/activeluxe-cosmetics.com\/rs\/wp-content\/uploads\/2024\/05\/Izdelek-brez-naslova-84-1-819x1024-1.png","contentUrl":"https:\/\/activeluxe-cosmetics.com\/rs\/wp-content\/uploads\/2024\/05\/Izdelek-brez-naslova-84-1-819x1024-1.png","width":819,"height":1024},{"@type":"BreadcrumbList","@id":"https:\/\/activeluxe-cosmetics.com\/rs\/2024\/05\/15\/jako-brzo-tamnjenje-bez-dugotrajnog-suncanja\/#breadcrumb","itemListElement":[{"@type":"ListItem","position":1,"name":"Naslovnica","item":"https:\/\/activeluxe-cosmetics.com\/rs\/"},{"@type":"ListItem","position":2,"name":"Jako brzo do savr\u0161eno preplanulog tena bez dugog izlaganja suncu"}]},{"@type":"WebSite","@id":"https:\/\/activeluxe-cosmetics.com\/rs\/#website","url":"https:\/\/activeluxe-cosmetics.com\/rs\/","name":"Active Luxe Cosmetics","description":"","potentialAction":[{"@type":"SearchAction","target":{"@type":"EntryPoint","urlTemplate":"https:\/\/activeluxe-cosmetics.com\/rs\/?s={search_term_string}"},"query-input":{"@type":"PropertyValueSpecification","valueRequired":true,"valueName":"search_term_string"}}],"inLanguage":"hr"},{"@type":"Person","@id":"https:\/\/activeluxe-cosmetics.com\/rs\/#\/schema\/person\/cfcdf8dcc01ef622e84044588216b10e","name":"Radmila","image":{"@type":"ImageObject","inLanguage":"hr","@id":"https:\/\/activeluxe-cosmetics.com\/rs\/#\/schema\/person\/image\/","url":"https:\/\/secure.gravatar.com\/avatar\/175fec096ba678d3c5115ec19f34c117965ef04f286c9be82d1332a022df2617?s=96&d=mm&r=g","contentUrl":"https:\/\/secure.gravatar.com\/avatar\/175fec096ba678d3c5115ec19f34c117965ef04f286c9be82d1332a022df2617?s=96&d=mm&r=g","caption":"Radmila"},"url":"https:\/\/activeluxe-cosmetics.com\/rs\/author\/radmila\/"}]}},"_links":{"self":[{"href":"https:\/\/activeluxe-cosmetics.com\/rs\/wp-json\/wp\/v2\/posts\/82172","targetHints":{"allow":["GET"]}}],"collection":[{"href":"https:\/\/activeluxe-cosmetics.com\/rs\/wp-json\/wp\/v2\/posts"}],"about":[{"href":"https:\/\/activeluxe-cosmetics.com\/rs\/wp-json\/wp\/v2\/types\/post"}],"author":[{"embeddable":true,"href":"https:\/\/activeluxe-cosmetics.com\/rs\/wp-json\/wp\/v2\/users\/7"}],"replies":[{"embeddable":true,"href":"https:\/\/activeluxe-cosmetics.com\/rs\/wp-json\/wp\/v2\/comments?post=82172"}],"version-history":[{"count":2,"href":"https:\/\/activeluxe-cosmetics.com\/rs\/wp-json\/wp\/v2\/posts\/82172\/revisions"}],"predecessor-version":[{"id":82175,"href":"https:\/\/activeluxe-cosmetics.com\/rs\/wp-json\/wp\/v2\/posts\/82172\/revisions\/82175"}],"wp:featuredmedia":[{"embeddable":true,"href":"https:\/\/activeluxe-cosmetics.com\/rs\/wp-json\/wp\/v2\/media\/82173"}],"wp:attachment":[{"href":"https:\/\/activeluxe-cosmetics.com\/rs\/wp-json\/wp\/v2\/media?parent=82172"}],"wp:term":[{"taxonomy":"category","embeddable":true,"href":"https:\/\/activeluxe-cosmetics.com\/rs\/wp-json\/wp\/v2\/categories?post=82172"},{"taxonomy":"post_tag","embeddable":true,"href":"https:\/\/activeluxe-cosmetics.com\/rs\/wp-json\/wp\/v2\/tags?post=82172"}],"curies":[{"name":"wp","href":"https:\/\/api.w.org\/{rel}","templated":true}]}}