{"id":82080,"date":"2024-04-25T19:34:11","date_gmt":"2024-04-25T17:34:11","guid":{"rendered":"https:\/\/activeluxe-cosmetics.com\/rs\/?p=82080"},"modified":"2024-05-15T12:40:29","modified_gmt":"2024-05-15T10:40:29","slug":"vestacke-trepavice-i-leto-sjajna-kombinacija-ali-samo-ukoliko-pratis-ove-savete","status":"publish","type":"post","link":"https:\/\/activeluxe-cosmetics.com\/rs\/2024\/04\/25\/vestacke-trepavice-i-leto-sjajna-kombinacija-ali-samo-ukoliko-pratis-ove-savete\/","title":{"rendered":"Ve\u0161ta\u010dke trepavice i leto? Sjajna kombinacija! Ali, samo ukoliko prati\u0161 ove savete."},"content":{"rendered":"\n<h5 class=\"wp-block-heading\">Nadogra\u0111ene trepavice? Odli\u010dan izbor za letnje dane koji nam dolaze.<\/h5>\n\n\n\n<p id=\"tw-target-text\">Nadogradnja je sjajan modni dodatak u koji veruju mnoge \u017eene koje \u017eele duge, atraktivne, guste i jednostavno prelepe trepavice. Saloni za nadogradnju trepavica trenutno su puni entuzijasti\u010dnih \u017eena koje vi\u0161e ne mogu da zamisle \u017eivot bez ekstenzija, jer im u trenutku obezbe\u0111uju izgled filmskih zvezda. Leti br\u017ee pada odluka za nadogradnju trepavica, jer izgledate doterano tokom celog dana i to bez trunke \u0161minke.<\/p>\n\n\n\n<figure class=\"wp-block-image aligncenter size-medium is-resized\"><img loading=\"lazy\" decoding=\"async\" width=\"460\" height=\"690\" src=\"https:\/\/activeluxe-cosmetics.com\/rs\/wp-content\/uploads\/2024\/01\/ACTIVELUXEFEBRUAR0776-1-1-460x690.jpg\" alt=\"\" class=\"wp-image-81819\" style=\"aspect-ratio:4\/3;object-fit:cover;width:518px;height:auto\" srcset=\"https:\/\/activeluxe-cosmetics.com\/rs\/wp-content\/uploads\/2024\/01\/ACTIVELUXEFEBRUAR0776-1-1-460x690.jpg 460w, https:\/\/activeluxe-cosmetics.com\/rs\/wp-content\/uploads\/2024\/01\/ACTIVELUXEFEBRUAR0776-1-1-683x1024.jpg 683w, https:\/\/activeluxe-cosmetics.com\/rs\/wp-content\/uploads\/2024\/01\/ACTIVELUXEFEBRUAR0776-1-1-768x1152.jpg 768w, https:\/\/activeluxe-cosmetics.com\/rs\/wp-content\/uploads\/2024\/01\/ACTIVELUXEFEBRUAR0776-1-1-1024x1536.jpg 1024w, https:\/\/activeluxe-cosmetics.com\/rs\/wp-content\/uploads\/2024\/01\/ACTIVELUXEFEBRUAR0776-1-1-1366x2048.jpg 1366w, https:\/\/activeluxe-cosmetics.com\/rs\/wp-content\/uploads\/2024\/01\/ACTIVELUXEFEBRUAR0776-1-1-600x900.jpg 600w, https:\/\/activeluxe-cosmetics.com\/rs\/wp-content\/uploads\/2024\/01\/ACTIVELUXEFEBRUAR0776-1-1.jpg 1465w\" sizes=\"auto, (max-width: 460px) 100vw, 460px\" \/><\/figure>\n\n\n\n<h5 class=\"wp-block-heading\">10 saveta koje treba uzeti u obzir kada \u017eelite da nadogradite trepavice<\/h5>\n\n\n\n<p id=\"tw-target-text\">1. Prvih 48 sati nakon ura\u0111ene nadogradnje ne smete kvasiti trepavice vodom.<\/p>\n\n\n\n<p>2. Kod \u010di\u0161\u0107enja \u0161minke s o\u010diju morate biti oprezni jer ja\u010di pritisak na trepavice mo\u017ee dovesti do njihovog ispadanja ili uvijanja.<\/p>\n\n\n\n<p>3. Ne dozvolite da vam voda iz tu\u0161a te\u010de pravo na lice.<\/p>\n\n\n\n<p>4. Nakon umivanja lica nemojte trljati pe\u0161kirom, ve\u0107 samo tapkajte ne\u017eno po o\u010dima.<\/p>\n\n\n\n<p>5. Izbegavajte kori\u0161\u0107enje masnih sredstava za skidanje \u0161minke. Koristite micelarnu vodu ili sredstvo za uklanjanje \u0161minke na bazi vode.<\/p>\n\n\n\n<p>6. Izbegavajte kori\u0161\u0107enje maskare.<\/p>\n\n\n\n<p>7. Pazite kako se \u0161minkate. Izbegavajte proizvode za negu oko o\u010diju, kao i dodatne proizvode za \u0161minkanje podru\u010dja oko o\u010diju (masne olovke, kremaste senke i sl.).<\/p>\n\n\n\n<p>8. Barem jednom dnevno ujutro ili vi\u0161e puta tokom dana, po potrebi, suvom \u010detkicom ne\u017eno pro\u010de\u0161ljajte nadogradnju trepavica.<\/p>\n\n\n\n<p>9. Nadogradnja se lako uvija u razli\u010ditim polo\u017eajima spavanja pa pripazite da ne gurate previ\u0161e lice u jastuk ili jastuk dok spavate.<\/p>\n\n\n\n<p>10. Koliko \u010desto \u0107ete raditi \u201crefill\u201dzavisi od ciklusa va\u0161eg prirodnog rasta trepavica i o tome koliko dobro brinete o zdravlju svojih prirodnih trepavica.<\/p>\n\n\n\n<figure class=\"wp-block-image aligncenter size-large is-resized\"><img loading=\"lazy\" decoding=\"async\" width=\"819\" height=\"1024\" src=\"https:\/\/activeluxe-cosmetics.com\/rs\/wp-content\/uploads\/2024\/01\/Izdelek-brez-naslova-93-2-819x1024.png\" alt=\"\" class=\"wp-image-81822\" style=\"aspect-ratio:4\/3;object-fit:cover;width:545px;height:auto\" srcset=\"https:\/\/activeluxe-cosmetics.com\/rs\/wp-content\/uploads\/2024\/01\/Izdelek-brez-naslova-93-2-819x1024.png 819w, https:\/\/activeluxe-cosmetics.com\/rs\/wp-content\/uploads\/2024\/01\/Izdelek-brez-naslova-93-2-460x575.png 460w, https:\/\/activeluxe-cosmetics.com\/rs\/wp-content\/uploads\/2024\/01\/Izdelek-brez-naslova-93-2-768x960.png 768w, https:\/\/activeluxe-cosmetics.com\/rs\/wp-content\/uploads\/2024\/01\/Izdelek-brez-naslova-93-2-600x750.png 600w, https:\/\/activeluxe-cosmetics.com\/rs\/wp-content\/uploads\/2024\/01\/Izdelek-brez-naslova-93-2.png 1080w\" sizes=\"auto, (max-width: 819px) 100vw, 819px\" \/><\/figure>\n\n\n\n<h5 class=\"wp-block-heading\">Ne zaboravi na negu prirodnih trepavica!<\/h5>\n\n\n\n<p id=\"tw-target-text\">Nega i odr\u017eavanje va\u0161ih prirodnih trepavica kao i nadogradnje jako je va\u017ena. Uz sve gore navedene savete za negu nadogra\u0111enih trepavica, morate negovati i svoje prirodne trepavice.<\/p>\n\n\n\n<p>Active Luxe Fluid koji je namenjen za ve\u0161ta\u010dki nadogra\u0111ene trepavice nahrani\u0107e svaku prirodnu trepavicu iznutra pa \u0107e va\u0161e prirodne trepavice pored nadogradnje koju ste uradili biti dosta ja\u010de i manje lomljive.<\/p>\n\n\n\n<p>Metoda nadogradnje trepavica \u0107e biti mnogo efikasnija, jer \u0107e va\u0161a prirodna trepavica biti oja\u010dana \u010dime \u0107e biti bolja podloga za nadogradnju. Kori\u0161\u0107enjem fluida \u0107ete spre\u010diti i opadanje prirodnih trepavica i time \u0107ete nadogra\u0111ene mo\u0107i nositi du\u017ee, \u010dime \u0107ete odlo\u017eiti vreme korekcije i dodatno u\u0161tedeti novac.<\/p>\n\n\n\n<figure class=\"wp-block-image aligncenter size-large is-resized\"><img loading=\"lazy\" decoding=\"async\" width=\"1024\" height=\"1024\" src=\"https:\/\/activeluxe-cosmetics.com\/rs\/wp-content\/uploads\/2024\/01\/ActiveLuxe-lash-extensions-1024x1024.jpg\" alt=\"\" class=\"wp-image-81911\" style=\"aspect-ratio:4\/3;object-fit:cover;width:595px;height:auto\" srcset=\"https:\/\/activeluxe-cosmetics.com\/rs\/wp-content\/uploads\/2024\/01\/ActiveLuxe-lash-extensions-1024x1024.jpg 1024w, https:\/\/activeluxe-cosmetics.com\/rs\/wp-content\/uploads\/2024\/01\/ActiveLuxe-lash-extensions-460x460.jpg 460w, https:\/\/activeluxe-cosmetics.com\/rs\/wp-content\/uploads\/2024\/01\/ActiveLuxe-lash-extensions-150x150.jpg 150w, https:\/\/activeluxe-cosmetics.com\/rs\/wp-content\/uploads\/2024\/01\/ActiveLuxe-lash-extensions-768x768.jpg 768w, https:\/\/activeluxe-cosmetics.com\/rs\/wp-content\/uploads\/2024\/01\/ActiveLuxe-lash-extensions-1536x1536.jpg 1536w, https:\/\/activeluxe-cosmetics.com\/rs\/wp-content\/uploads\/2024\/01\/ActiveLuxe-lash-extensions-600x600.jpg 600w, https:\/\/activeluxe-cosmetics.com\/rs\/wp-content\/uploads\/2024\/01\/ActiveLuxe-lash-extensions-100x100.jpg 100w, https:\/\/activeluxe-cosmetics.com\/rs\/wp-content\/uploads\/2024\/01\/ActiveLuxe-lash-extensions.jpg 2000w\" sizes=\"auto, (max-width: 1024px) 100vw, 1024px\" \/><\/figure>\n\n\n\n<blockquote class=\"wp-block-quote is-layout-flow wp-block-quote-is-layout-flow\">\n<div class=\"wp-block-group is-layout-constrained wp-block-group-is-layout-constrained\">\n<p class=\"has-text-align-center\">Fluid za negu nadogra\u0111enih trepavica<\/p>\n\n\n\n<p class=\"has-text-align-center\">Produ\u017eava postojanost nadogradnje, dok ujedno hrani prirodne trepavice.<\/p>\n\n\n\n<p class=\"has-text-align-center\">2199,90RSD<\/p>\n<\/div>\n<\/blockquote>\n","protected":false},"excerpt":{"rendered":"<p>Nadogra\u0111ene trepavice su uvek moderan dodatak u koji veruju mnoge \u017eene<\/p>\n","protected":false},"author":7,"featured_media":81821,"comment_status":"open","ping_status":"open","sticky":false,"template":"","format":"standard","meta":{"footnotes":""},"categories":[70],"tags":[],"class_list":["post-82080","post","type-post","status-publish","format-standard","has-post-thumbnail","hentry","category-trepavice"],"acf":[],"yoast_head":"<!-- This site is optimized with the Yoast SEO plugin v26.5 - https:\/\/yoast.com\/wordpress\/plugins\/seo\/ -->\n<title>Ve\u0161ta\u010dke trepavice i leto dobitna kombinacija na pla\u017ei<\/title>\n<meta name=\"robots\" content=\"index, follow, max-snippet:-1, max-image-preview:large, max-video-preview:-1\" \/>\n<link rel=\"canonical\" href=\"https:\/\/activeluxe-cosmetics.com\/rs\/2024\/04\/25\/vestacke-trepavice-i-leto-sjajna-kombinacija-ali-samo-ukoliko-pratis-ove-savete\/\" \/>\n<meta property=\"og:locale\" content=\"hr_HR\" \/>\n<meta property=\"og:type\" content=\"article\" \/>\n<meta property=\"og:title\" content=\"Ve\u0161ta\u010dke trepavice i leto dobitna kombinacija na pla\u017ei\" \/>\n<meta property=\"og:description\" content=\"Nadogra\u0111ene trepavice su uvek moderan dodatak u koji veruju mnoge \u017eene\" \/>\n<meta property=\"og:url\" content=\"https:\/\/activeluxe-cosmetics.com\/rs\/2024\/04\/25\/vestacke-trepavice-i-leto-sjajna-kombinacija-ali-samo-ukoliko-pratis-ove-savete\/\" \/>\n<meta property=\"og:site_name\" content=\"Active Luxe Cosmetics\" \/>\n<meta property=\"article:published_time\" content=\"2024-04-25T17:34:11+00:00\" \/>\n<meta property=\"article:modified_time\" content=\"2024-05-15T10:40:29+00:00\" \/>\n<meta property=\"og:image\" content=\"https:\/\/activeluxe-cosmetics.com\/rs\/wp-content\/uploads\/2024\/01\/Izdelek-brez-naslova-91.png\" \/>\n\t<meta property=\"og:image:width\" content=\"819\" \/>\n\t<meta property=\"og:image:height\" content=\"1024\" \/>\n\t<meta property=\"og:image:type\" content=\"image\/png\" \/>\n<meta name=\"author\" content=\"Radmila\" \/>\n<meta name=\"twitter:card\" content=\"summary_large_image\" \/>\n<meta name=\"twitter:label1\" content=\"Napisao\/la\" \/>\n\t<meta name=\"twitter:data1\" content=\"Radmila\" \/>\n\t<meta name=\"twitter:label2\" content=\"Procijenjeno vrijeme \u010ditanja\" \/>\n\t<meta name=\"twitter:data2\" content=\"3 minute\" \/>\n<script type=\"application\/ld+json\" class=\"yoast-schema-graph\">{\"@context\":\"https:\/\/schema.org\",\"@graph\":[{\"@type\":\"WebPage\",\"@id\":\"https:\/\/activeluxe-cosmetics.com\/rs\/2024\/04\/25\/vestacke-trepavice-i-leto-sjajna-kombinacija-ali-samo-ukoliko-pratis-ove-savete\/\",\"url\":\"https:\/\/activeluxe-cosmetics.com\/rs\/2024\/04\/25\/vestacke-trepavice-i-leto-sjajna-kombinacija-ali-samo-ukoliko-pratis-ove-savete\/\",\"name\":\"Ve\u0161ta\u010dke trepavice i leto dobitna kombinacija na pla\u017ei\",\"isPartOf\":{\"@id\":\"https:\/\/activeluxe-cosmetics.com\/rs\/#website\"},\"primaryImageOfPage\":{\"@id\":\"https:\/\/activeluxe-cosmetics.com\/rs\/2024\/04\/25\/vestacke-trepavice-i-leto-sjajna-kombinacija-ali-samo-ukoliko-pratis-ove-savete\/#primaryimage\"},\"image\":{\"@id\":\"https:\/\/activeluxe-cosmetics.com\/rs\/2024\/04\/25\/vestacke-trepavice-i-leto-sjajna-kombinacija-ali-samo-ukoliko-pratis-ove-savete\/#primaryimage\"},\"thumbnailUrl\":\"https:\/\/activeluxe-cosmetics.com\/rs\/wp-content\/uploads\/2024\/01\/Izdelek-brez-naslova-91.png\",\"datePublished\":\"2024-04-25T17:34:11+00:00\",\"dateModified\":\"2024-05-15T10:40:29+00:00\",\"author\":{\"@id\":\"https:\/\/activeluxe-cosmetics.com\/rs\/#\/schema\/person\/cfcdf8dcc01ef622e84044588216b10e\"},\"breadcrumb\":{\"@id\":\"https:\/\/activeluxe-cosmetics.com\/rs\/2024\/04\/25\/vestacke-trepavice-i-leto-sjajna-kombinacija-ali-samo-ukoliko-pratis-ove-savete\/#breadcrumb\"},\"inLanguage\":\"hr\",\"potentialAction\":[{\"@type\":\"ReadAction\",\"target\":[\"https:\/\/activeluxe-cosmetics.com\/rs\/2024\/04\/25\/vestacke-trepavice-i-leto-sjajna-kombinacija-ali-samo-ukoliko-pratis-ove-savete\/\"]}]},{\"@type\":\"ImageObject\",\"inLanguage\":\"hr\",\"@id\":\"https:\/\/activeluxe-cosmetics.com\/rs\/2024\/04\/25\/vestacke-trepavice-i-leto-sjajna-kombinacija-ali-samo-ukoliko-pratis-ove-savete\/#primaryimage\",\"url\":\"https:\/\/activeluxe-cosmetics.com\/rs\/wp-content\/uploads\/2024\/01\/Izdelek-brez-naslova-91.png\",\"contentUrl\":\"https:\/\/activeluxe-cosmetics.com\/rs\/wp-content\/uploads\/2024\/01\/Izdelek-brez-naslova-91.png\",\"width\":1080,\"height\":1350},{\"@type\":\"BreadcrumbList\",\"@id\":\"https:\/\/activeluxe-cosmetics.com\/rs\/2024\/04\/25\/vestacke-trepavice-i-leto-sjajna-kombinacija-ali-samo-ukoliko-pratis-ove-savete\/#breadcrumb\",\"itemListElement\":[{\"@type\":\"ListItem\",\"position\":1,\"name\":\"Naslovnica\",\"item\":\"https:\/\/activeluxe-cosmetics.com\/rs\/\"},{\"@type\":\"ListItem\",\"position\":2,\"name\":\"Ve\u0161ta\u010dke trepavice i leto? Sjajna kombinacija! Ali, samo ukoliko prati\u0161 ove savete.\"}]},{\"@type\":\"WebSite\",\"@id\":\"https:\/\/activeluxe-cosmetics.com\/rs\/#website\",\"url\":\"https:\/\/activeluxe-cosmetics.com\/rs\/\",\"name\":\"Active Luxe Cosmetics\",\"description\":\"\",\"potentialAction\":[{\"@type\":\"SearchAction\",\"target\":{\"@type\":\"EntryPoint\",\"urlTemplate\":\"https:\/\/activeluxe-cosmetics.com\/rs\/?s={search_term_string}\"},\"query-input\":{\"@type\":\"PropertyValueSpecification\",\"valueRequired\":true,\"valueName\":\"search_term_string\"}}],\"inLanguage\":\"hr\"},{\"@type\":\"Person\",\"@id\":\"https:\/\/activeluxe-cosmetics.com\/rs\/#\/schema\/person\/cfcdf8dcc01ef622e84044588216b10e\",\"name\":\"Radmila\",\"image\":{\"@type\":\"ImageObject\",\"inLanguage\":\"hr\",\"@id\":\"https:\/\/activeluxe-cosmetics.com\/rs\/#\/schema\/person\/image\/\",\"url\":\"https:\/\/secure.gravatar.com\/avatar\/175fec096ba678d3c5115ec19f34c117965ef04f286c9be82d1332a022df2617?s=96&d=mm&r=g\",\"contentUrl\":\"https:\/\/secure.gravatar.com\/avatar\/175fec096ba678d3c5115ec19f34c117965ef04f286c9be82d1332a022df2617?s=96&d=mm&r=g\",\"caption\":\"Radmila\"},\"url\":\"https:\/\/activeluxe-cosmetics.com\/rs\/author\/radmila\/\"}]}<\/script>\n<!-- \/ Yoast SEO plugin. -->","yoast_head_json":{"title":"Ve\u0161ta\u010dke trepavice i leto dobitna kombinacija na pla\u017ei","robots":{"index":"index","follow":"follow","max-snippet":"max-snippet:-1","max-image-preview":"max-image-preview:large","max-video-preview":"max-video-preview:-1"},"canonical":"https:\/\/activeluxe-cosmetics.com\/rs\/2024\/04\/25\/vestacke-trepavice-i-leto-sjajna-kombinacija-ali-samo-ukoliko-pratis-ove-savete\/","og_locale":"hr_HR","og_type":"article","og_title":"Ve\u0161ta\u010dke trepavice i leto dobitna kombinacija na pla\u017ei","og_description":"Nadogra\u0111ene trepavice su uvek moderan dodatak u koji veruju mnoge \u017eene","og_url":"https:\/\/activeluxe-cosmetics.com\/rs\/2024\/04\/25\/vestacke-trepavice-i-leto-sjajna-kombinacija-ali-samo-ukoliko-pratis-ove-savete\/","og_site_name":"Active Luxe Cosmetics","article_published_time":"2024-04-25T17:34:11+00:00","article_modified_time":"2024-05-15T10:40:29+00:00","og_image":[{"url":"https:\/\/activeluxe-cosmetics.com\/rs\/wp-content\/uploads\/2024\/01\/Izdelek-brez-naslova-91.png","width":819,"height":1024,"type":"image\/png"}],"author":"Radmila","twitter_card":"summary_large_image","twitter_misc":{"Napisao\/la":"Radmila","Procijenjeno vrijeme \u010ditanja":"3 minute"},"schema":{"@context":"https:\/\/schema.org","@graph":[{"@type":"WebPage","@id":"https:\/\/activeluxe-cosmetics.com\/rs\/2024\/04\/25\/vestacke-trepavice-i-leto-sjajna-kombinacija-ali-samo-ukoliko-pratis-ove-savete\/","url":"https:\/\/activeluxe-cosmetics.com\/rs\/2024\/04\/25\/vestacke-trepavice-i-leto-sjajna-kombinacija-ali-samo-ukoliko-pratis-ove-savete\/","name":"Ve\u0161ta\u010dke trepavice i leto dobitna kombinacija na pla\u017ei","isPartOf":{"@id":"https:\/\/activeluxe-cosmetics.com\/rs\/#website"},"primaryImageOfPage":{"@id":"https:\/\/activeluxe-cosmetics.com\/rs\/2024\/04\/25\/vestacke-trepavice-i-leto-sjajna-kombinacija-ali-samo-ukoliko-pratis-ove-savete\/#primaryimage"},"image":{"@id":"https:\/\/activeluxe-cosmetics.com\/rs\/2024\/04\/25\/vestacke-trepavice-i-leto-sjajna-kombinacija-ali-samo-ukoliko-pratis-ove-savete\/#primaryimage"},"thumbnailUrl":"https:\/\/activeluxe-cosmetics.com\/rs\/wp-content\/uploads\/2024\/01\/Izdelek-brez-naslova-91.png","datePublished":"2024-04-25T17:34:11+00:00","dateModified":"2024-05-15T10:40:29+00:00","author":{"@id":"https:\/\/activeluxe-cosmetics.com\/rs\/#\/schema\/person\/cfcdf8dcc01ef622e84044588216b10e"},"breadcrumb":{"@id":"https:\/\/activeluxe-cosmetics.com\/rs\/2024\/04\/25\/vestacke-trepavice-i-leto-sjajna-kombinacija-ali-samo-ukoliko-pratis-ove-savete\/#breadcrumb"},"inLanguage":"hr","potentialAction":[{"@type":"ReadAction","target":["https:\/\/activeluxe-cosmetics.com\/rs\/2024\/04\/25\/vestacke-trepavice-i-leto-sjajna-kombinacija-ali-samo-ukoliko-pratis-ove-savete\/"]}]},{"@type":"ImageObject","inLanguage":"hr","@id":"https:\/\/activeluxe-cosmetics.com\/rs\/2024\/04\/25\/vestacke-trepavice-i-leto-sjajna-kombinacija-ali-samo-ukoliko-pratis-ove-savete\/#primaryimage","url":"https:\/\/activeluxe-cosmetics.com\/rs\/wp-content\/uploads\/2024\/01\/Izdelek-brez-naslova-91.png","contentUrl":"https:\/\/activeluxe-cosmetics.com\/rs\/wp-content\/uploads\/2024\/01\/Izdelek-brez-naslova-91.png","width":1080,"height":1350},{"@type":"BreadcrumbList","@id":"https:\/\/activeluxe-cosmetics.com\/rs\/2024\/04\/25\/vestacke-trepavice-i-leto-sjajna-kombinacija-ali-samo-ukoliko-pratis-ove-savete\/#breadcrumb","itemListElement":[{"@type":"ListItem","position":1,"name":"Naslovnica","item":"https:\/\/activeluxe-cosmetics.com\/rs\/"},{"@type":"ListItem","position":2,"name":"Ve\u0161ta\u010dke trepavice i leto? Sjajna kombinacija! Ali, samo ukoliko prati\u0161 ove savete."}]},{"@type":"WebSite","@id":"https:\/\/activeluxe-cosmetics.com\/rs\/#website","url":"https:\/\/activeluxe-cosmetics.com\/rs\/","name":"Active Luxe Cosmetics","description":"","potentialAction":[{"@type":"SearchAction","target":{"@type":"EntryPoint","urlTemplate":"https:\/\/activeluxe-cosmetics.com\/rs\/?s={search_term_string}"},"query-input":{"@type":"PropertyValueSpecification","valueRequired":true,"valueName":"search_term_string"}}],"inLanguage":"hr"},{"@type":"Person","@id":"https:\/\/activeluxe-cosmetics.com\/rs\/#\/schema\/person\/cfcdf8dcc01ef622e84044588216b10e","name":"Radmila","image":{"@type":"ImageObject","inLanguage":"hr","@id":"https:\/\/activeluxe-cosmetics.com\/rs\/#\/schema\/person\/image\/","url":"https:\/\/secure.gravatar.com\/avatar\/175fec096ba678d3c5115ec19f34c117965ef04f286c9be82d1332a022df2617?s=96&d=mm&r=g","contentUrl":"https:\/\/secure.gravatar.com\/avatar\/175fec096ba678d3c5115ec19f34c117965ef04f286c9be82d1332a022df2617?s=96&d=mm&r=g","caption":"Radmila"},"url":"https:\/\/activeluxe-cosmetics.com\/rs\/author\/radmila\/"}]}},"_links":{"self":[{"href":"https:\/\/activeluxe-cosmetics.com\/rs\/wp-json\/wp\/v2\/posts\/82080","targetHints":{"allow":["GET"]}}],"collection":[{"href":"https:\/\/activeluxe-cosmetics.com\/rs\/wp-json\/wp\/v2\/posts"}],"about":[{"href":"https:\/\/activeluxe-cosmetics.com\/rs\/wp-json\/wp\/v2\/types\/post"}],"author":[{"embeddable":true,"href":"https:\/\/activeluxe-cosmetics.com\/rs\/wp-json\/wp\/v2\/users\/7"}],"replies":[{"embeddable":true,"href":"https:\/\/activeluxe-cosmetics.com\/rs\/wp-json\/wp\/v2\/comments?post=82080"}],"version-history":[{"count":12,"href":"https:\/\/activeluxe-cosmetics.com\/rs\/wp-json\/wp\/v2\/posts\/82080\/revisions"}],"predecessor-version":[{"id":82168,"href":"https:\/\/activeluxe-cosmetics.com\/rs\/wp-json\/wp\/v2\/posts\/82080\/revisions\/82168"}],"wp:featuredmedia":[{"embeddable":true,"href":"https:\/\/activeluxe-cosmetics.com\/rs\/wp-json\/wp\/v2\/media\/81821"}],"wp:attachment":[{"href":"https:\/\/activeluxe-cosmetics.com\/rs\/wp-json\/wp\/v2\/media?parent=82080"}],"wp:term":[{"taxonomy":"category","embeddable":true,"href":"https:\/\/activeluxe-cosmetics.com\/rs\/wp-json\/wp\/v2\/categories?post=82080"},{"taxonomy":"post_tag","embeddable":true,"href":"https:\/\/activeluxe-cosmetics.com\/rs\/wp-json\/wp\/v2\/tags?post=82080"}],"curies":[{"name":"wp","href":"https:\/\/api.w.org\/{rel}","templated":true}]}}