{"id":17283,"date":"2023-11-28T07:26:15","date_gmt":"2023-11-28T07:26:15","guid":{"rendered":"https:\/\/derma-luxecosmetics.com\/rs\/?p=17283"},"modified":"2024-05-15T15:26:00","modified_gmt":"2024-05-15T13:26:00","slug":"derma-luxe-proizvodi-od-sada-dostupni-i-u-dm-online-prodavnicama","status":"publish","type":"post","link":"https:\/\/activeluxe-cosmetics.com\/rs\/2023\/11\/28\/derma-luxe-proizvodi-od-sada-dostupni-i-u-dm-online-prodavnicama\/","title":{"rendered":"Derma-Luxe proizvodi od sada dostupni i u DM online prodavnicama!"},"content":{"rendered":"\n<p>Ponosno i s&#8217; rado\u0161\u0107u \u017eelimo da vas obavestimo da smo spremili sjajnu vest za vas. A to je da je na\u0161 kvalitet i efikasnost na\u0161ih proizvoda primetio i prepoznao najve\u0107i drogerijski lanac u koji svi rado volimo da idemo da kupujemo a to je DM!  <\/p>\n\n\n\n<p>Kada je u pitanju brend Derma-Luxe, veoma nam je va\u017eno da svakom kupcu iza\u0111emo u susret pojedina\u010dno kada je u pitanju prodaja na\u0161ih proizvoda. Naime, od sada \u0107ete Derma-Luxe proizvode mo\u0107i kupovati i u DM-u online prodavnici. <\/p>\n\n\n\n<p>Zbog toga, pored na\u0161e web prodavnice od sada na\u0161e proizvode mo\u017eete prona\u0107i i u DM online prodavnici,  a uskoro i u Dm poslovnicama. U odeljku beauty kozmetike mo\u017eete prona\u0107i: <\/p>\n\n\n\n<p>\u2013 Derma-Luxelash serum za rast trepavica 1,5 ml poru\u010dite <a href=\"https:\/\/www.dm.rs\/derma-luxe-cosmetics-lash-serum-za-rast-trepavica-p3830044680091.html\">ovde<\/a>.<\/p>\n\n\n\n<figure class=\"wp-block-image size-medium is-resized\"><img loading=\"lazy\" decoding=\"async\" width=\"460\" height=\"460\" src=\"https:\/\/activeluxe-cosmetics.com\/rs\/wp-content\/uploads\/2023\/11\/Artboard-2-1-460x460.jpg\" alt=\"\" class=\"wp-image-17328\" style=\"object-fit:cover;width:534px;height:auto\" srcset=\"https:\/\/activeluxe-cosmetics.com\/rs\/wp-content\/uploads\/2023\/11\/Artboard-2-1-460x460.jpg 460w, https:\/\/activeluxe-cosmetics.com\/rs\/wp-content\/uploads\/2023\/11\/Artboard-2-1-150x150.jpg 150w, https:\/\/activeluxe-cosmetics.com\/rs\/wp-content\/uploads\/2023\/11\/Artboard-2-1-768x768.jpg 768w, https:\/\/activeluxe-cosmetics.com\/rs\/wp-content\/uploads\/2023\/11\/Artboard-2-1-600x600.jpg 600w, https:\/\/activeluxe-cosmetics.com\/rs\/wp-content\/uploads\/2023\/11\/Artboard-2-1-100x100.jpg 100w, https:\/\/activeluxe-cosmetics.com\/rs\/wp-content\/uploads\/2023\/11\/Artboard-2-1.jpg 1000w\" sizes=\"auto, (max-width: 460px) 100vw, 460px\" \/><\/figure>\n\n\n\n<p>\u2013 Derma-Luxelash fluid za negu trepavica sa ekstenzijama, poru\u010dite <a href=\"https:\/\/www.dm.rs\/derma-luxe-cosmetics-extensions-lash-fluid-za-negu-prirodnih-i-vestackih-trepavica-p3830044680411.html\">ovde<\/a>.<\/p>\n\n\n\n<figure class=\"wp-block-image size-full is-resized\"><img loading=\"lazy\" decoding=\"async\" width=\"1000\" height=\"1000\" src=\"https:\/\/activeluxe-cosmetics.com\/rs\/wp-content\/uploads\/2023\/11\/Artboard-4-1-1.jpg\" alt=\"\" class=\"wp-image-17329\" style=\"object-fit:cover;width:582px;height:auto\" srcset=\"https:\/\/activeluxe-cosmetics.com\/rs\/wp-content\/uploads\/2023\/11\/Artboard-4-1-1.jpg 1000w, https:\/\/activeluxe-cosmetics.com\/rs\/wp-content\/uploads\/2023\/11\/Artboard-4-1-1-460x460.jpg 460w, https:\/\/activeluxe-cosmetics.com\/rs\/wp-content\/uploads\/2023\/11\/Artboard-4-1-1-150x150.jpg 150w, https:\/\/activeluxe-cosmetics.com\/rs\/wp-content\/uploads\/2023\/11\/Artboard-4-1-1-768x768.jpg 768w, https:\/\/activeluxe-cosmetics.com\/rs\/wp-content\/uploads\/2023\/11\/Artboard-4-1-1-600x600.jpg 600w, https:\/\/activeluxe-cosmetics.com\/rs\/wp-content\/uploads\/2023\/11\/Artboard-4-1-1-100x100.jpg 100w\" sizes=\"auto, (max-width: 1000px) 100vw, 1000px\" \/><\/figure>\n\n\n\n<p>\u2013 Derma-Luxebrow serum za rast obrva 2,0 ml poru\u010dite <a href=\"https:\/\/www.dm.rs\/derma-luxe-cosmetics-brow-original-serum-za-prirodni-rast-obrva-p3830044680220.html\">ovde<\/a>.<\/p>\n\n\n\n<figure class=\"wp-block-image size-full is-resized\"><img loading=\"lazy\" decoding=\"async\" width=\"1000\" height=\"1000\" src=\"https:\/\/activeluxe-cosmetics.com\/rs\/wp-content\/uploads\/2023\/11\/Artboard-3-2.jpg\" alt=\"\" class=\"wp-image-17330\" style=\"object-fit:cover;width:555px;height:auto\" srcset=\"https:\/\/activeluxe-cosmetics.com\/rs\/wp-content\/uploads\/2023\/11\/Artboard-3-2.jpg 1000w, https:\/\/activeluxe-cosmetics.com\/rs\/wp-content\/uploads\/2023\/11\/Artboard-3-2-460x460.jpg 460w, https:\/\/activeluxe-cosmetics.com\/rs\/wp-content\/uploads\/2023\/11\/Artboard-3-2-150x150.jpg 150w, https:\/\/activeluxe-cosmetics.com\/rs\/wp-content\/uploads\/2023\/11\/Artboard-3-2-768x768.jpg 768w, https:\/\/activeluxe-cosmetics.com\/rs\/wp-content\/uploads\/2023\/11\/Artboard-3-2-600x600.jpg 600w, https:\/\/activeluxe-cosmetics.com\/rs\/wp-content\/uploads\/2023\/11\/Artboard-3-2-100x100.jpg 100w\" sizes=\"auto, (max-width: 1000px) 100vw, 1000px\" \/><\/figure>\n\n\n\n<p>\u2013Derma-Luxe Glamour maskaru poru\u010dite <a href=\"https:\/\/www.dm.rs\/derma-luxe-cosmetics-glamour-lash-maskara-p3830044681470.html\">ovde<\/a><\/p>\n\n\n\n<figure class=\"wp-block-image size-full is-resized\"><img loading=\"lazy\" decoding=\"async\" width=\"1000\" height=\"1000\" src=\"https:\/\/activeluxe-cosmetics.com\/rs\/wp-content\/uploads\/2023\/11\/Artboard-1-1-1.jpg\" alt=\"\" class=\"wp-image-17331\" style=\"object-fit:cover;width:479px;height:auto\" srcset=\"https:\/\/activeluxe-cosmetics.com\/rs\/wp-content\/uploads\/2023\/11\/Artboard-1-1-1.jpg 1000w, https:\/\/activeluxe-cosmetics.com\/rs\/wp-content\/uploads\/2023\/11\/Artboard-1-1-1-460x460.jpg 460w, https:\/\/activeluxe-cosmetics.com\/rs\/wp-content\/uploads\/2023\/11\/Artboard-1-1-1-150x150.jpg 150w, https:\/\/activeluxe-cosmetics.com\/rs\/wp-content\/uploads\/2023\/11\/Artboard-1-1-1-768x768.jpg 768w, https:\/\/activeluxe-cosmetics.com\/rs\/wp-content\/uploads\/2023\/11\/Artboard-1-1-1-600x600.jpg 600w, https:\/\/activeluxe-cosmetics.com\/rs\/wp-content\/uploads\/2023\/11\/Artboard-1-1-1-100x100.jpg 100w\" sizes=\"auto, (max-width: 1000px) 100vw, 1000px\" \/><\/figure>\n\n\n\n<p><\/p>\n","protected":false},"excerpt":{"rendered":"<p>Ponosno i s&#8217; rado\u0161\u0107u \u017eelimo da vas obavestimo da smo spremili sjajnu vest za vas. A to je da je na\u0161 kvalitet i efikasnost na\u0161ih&#8230;<\/p>\n","protected":false},"author":7,"featured_media":17327,"comment_status":"open","ping_status":"open","sticky":false,"template":"","format":"standard","meta":{"footnotes":""},"categories":[71,70],"tags":[],"class_list":["post-17283","post","type-post","status-publish","format-standard","has-post-thumbnail","hentry","category-obrve","category-trepavice"],"acf":[],"yoast_head":"<!-- This site is optimized with the Yoast SEO plugin v26.5 - https:\/\/yoast.com\/wordpress\/plugins\/seo\/ -->\n<title>Derma-Luxe proizvodi od sada dostupni i u DM online prodavnicama! - Active Luxe Cosmetics<\/title>\n<meta name=\"robots\" content=\"index, follow, max-snippet:-1, max-image-preview:large, max-video-preview:-1\" \/>\n<link rel=\"canonical\" href=\"https:\/\/activeluxe-cosmetics.com\/rs\/2023\/11\/28\/derma-luxe-proizvodi-od-sada-dostupni-i-u-dm-online-prodavnicama\/\" \/>\n<meta property=\"og:locale\" content=\"hr_HR\" \/>\n<meta property=\"og:type\" content=\"article\" \/>\n<meta property=\"og:title\" content=\"Derma-Luxe proizvodi od sada dostupni i u DM online prodavnicama! - Active Luxe Cosmetics\" \/>\n<meta property=\"og:description\" content=\"Ponosno i s&#8217; rado\u0161\u0107u \u017eelimo da vas obavestimo da smo spremili sjajnu vest za vas. A to je da je na\u0161 kvalitet i efikasnost na\u0161ih...\" \/>\n<meta property=\"og:url\" content=\"https:\/\/activeluxe-cosmetics.com\/rs\/2023\/11\/28\/derma-luxe-proizvodi-od-sada-dostupni-i-u-dm-online-prodavnicama\/\" \/>\n<meta property=\"og:site_name\" content=\"Active Luxe Cosmetics\" \/>\n<meta property=\"article:published_time\" content=\"2023-11-28T07:26:15+00:00\" \/>\n<meta property=\"article:modified_time\" content=\"2024-05-15T13:26:00+00:00\" \/>\n<meta property=\"og:image\" content=\"https:\/\/activeluxe-cosmetics.com\/rs\/wp-content\/uploads\/2023\/11\/trgovina-banner_1680x960_trepke-dm_rs-1.jpg\" \/>\n\t<meta property=\"og:image:width\" content=\"1680\" \/>\n\t<meta property=\"og:image:height\" content=\"960\" \/>\n\t<meta property=\"og:image:type\" content=\"image\/jpeg\" \/>\n<meta name=\"author\" content=\"Radmila\" \/>\n<meta name=\"twitter:card\" content=\"summary_large_image\" \/>\n<meta name=\"twitter:label1\" content=\"Napisao\/la\" \/>\n\t<meta name=\"twitter:data1\" content=\"Radmila\" \/>\n\t<meta name=\"twitter:label2\" content=\"Procijenjeno vrijeme \u010ditanja\" \/>\n\t<meta name=\"twitter:data2\" content=\"2 minute\" \/>\n<script type=\"application\/ld+json\" class=\"yoast-schema-graph\">{\"@context\":\"https:\/\/schema.org\",\"@graph\":[{\"@type\":\"WebPage\",\"@id\":\"https:\/\/activeluxe-cosmetics.com\/rs\/2023\/11\/28\/derma-luxe-proizvodi-od-sada-dostupni-i-u-dm-online-prodavnicama\/\",\"url\":\"https:\/\/activeluxe-cosmetics.com\/rs\/2023\/11\/28\/derma-luxe-proizvodi-od-sada-dostupni-i-u-dm-online-prodavnicama\/\",\"name\":\"Derma-Luxe proizvodi od sada dostupni i u DM online prodavnicama! - Active Luxe Cosmetics\",\"isPartOf\":{\"@id\":\"https:\/\/activeluxe-cosmetics.com\/rs\/#website\"},\"primaryImageOfPage\":{\"@id\":\"https:\/\/activeluxe-cosmetics.com\/rs\/2023\/11\/28\/derma-luxe-proizvodi-od-sada-dostupni-i-u-dm-online-prodavnicama\/#primaryimage\"},\"image\":{\"@id\":\"https:\/\/activeluxe-cosmetics.com\/rs\/2023\/11\/28\/derma-luxe-proizvodi-od-sada-dostupni-i-u-dm-online-prodavnicama\/#primaryimage\"},\"thumbnailUrl\":\"https:\/\/activeluxe-cosmetics.com\/rs\/wp-content\/uploads\/2023\/11\/trgovina-banner_1680x960_trepke-dm_rs-1.jpg\",\"datePublished\":\"2023-11-28T07:26:15+00:00\",\"dateModified\":\"2024-05-15T13:26:00+00:00\",\"author\":{\"@id\":\"https:\/\/activeluxe-cosmetics.com\/rs\/#\/schema\/person\/cfcdf8dcc01ef622e84044588216b10e\"},\"breadcrumb\":{\"@id\":\"https:\/\/activeluxe-cosmetics.com\/rs\/2023\/11\/28\/derma-luxe-proizvodi-od-sada-dostupni-i-u-dm-online-prodavnicama\/#breadcrumb\"},\"inLanguage\":\"hr\",\"potentialAction\":[{\"@type\":\"ReadAction\",\"target\":[\"https:\/\/activeluxe-cosmetics.com\/rs\/2023\/11\/28\/derma-luxe-proizvodi-od-sada-dostupni-i-u-dm-online-prodavnicama\/\"]}]},{\"@type\":\"ImageObject\",\"inLanguage\":\"hr\",\"@id\":\"https:\/\/activeluxe-cosmetics.com\/rs\/2023\/11\/28\/derma-luxe-proizvodi-od-sada-dostupni-i-u-dm-online-prodavnicama\/#primaryimage\",\"url\":\"https:\/\/activeluxe-cosmetics.com\/rs\/wp-content\/uploads\/2023\/11\/trgovina-banner_1680x960_trepke-dm_rs-1.jpg\",\"contentUrl\":\"https:\/\/activeluxe-cosmetics.com\/rs\/wp-content\/uploads\/2023\/11\/trgovina-banner_1680x960_trepke-dm_rs-1.jpg\",\"width\":1680,\"height\":960},{\"@type\":\"BreadcrumbList\",\"@id\":\"https:\/\/activeluxe-cosmetics.com\/rs\/2023\/11\/28\/derma-luxe-proizvodi-od-sada-dostupni-i-u-dm-online-prodavnicama\/#breadcrumb\",\"itemListElement\":[{\"@type\":\"ListItem\",\"position\":1,\"name\":\"Naslovnica\",\"item\":\"https:\/\/activeluxe-cosmetics.com\/rs\/\"},{\"@type\":\"ListItem\",\"position\":2,\"name\":\"Derma-Luxe proizvodi od sada dostupni i u DM online prodavnicama!\"}]},{\"@type\":\"WebSite\",\"@id\":\"https:\/\/activeluxe-cosmetics.com\/rs\/#website\",\"url\":\"https:\/\/activeluxe-cosmetics.com\/rs\/\",\"name\":\"Active Luxe Cosmetics\",\"description\":\"\",\"potentialAction\":[{\"@type\":\"SearchAction\",\"target\":{\"@type\":\"EntryPoint\",\"urlTemplate\":\"https:\/\/activeluxe-cosmetics.com\/rs\/?s={search_term_string}\"},\"query-input\":{\"@type\":\"PropertyValueSpecification\",\"valueRequired\":true,\"valueName\":\"search_term_string\"}}],\"inLanguage\":\"hr\"},{\"@type\":\"Person\",\"@id\":\"https:\/\/activeluxe-cosmetics.com\/rs\/#\/schema\/person\/cfcdf8dcc01ef622e84044588216b10e\",\"name\":\"Radmila\",\"image\":{\"@type\":\"ImageObject\",\"inLanguage\":\"hr\",\"@id\":\"https:\/\/activeluxe-cosmetics.com\/rs\/#\/schema\/person\/image\/\",\"url\":\"https:\/\/secure.gravatar.com\/avatar\/175fec096ba678d3c5115ec19f34c117965ef04f286c9be82d1332a022df2617?s=96&d=mm&r=g\",\"contentUrl\":\"https:\/\/secure.gravatar.com\/avatar\/175fec096ba678d3c5115ec19f34c117965ef04f286c9be82d1332a022df2617?s=96&d=mm&r=g\",\"caption\":\"Radmila\"},\"url\":\"https:\/\/activeluxe-cosmetics.com\/rs\/author\/radmila\/\"}]}<\/script>\n<!-- \/ Yoast SEO plugin. -->","yoast_head_json":{"title":"Derma-Luxe proizvodi od sada dostupni i u DM online prodavnicama! - Active Luxe Cosmetics","robots":{"index":"index","follow":"follow","max-snippet":"max-snippet:-1","max-image-preview":"max-image-preview:large","max-video-preview":"max-video-preview:-1"},"canonical":"https:\/\/activeluxe-cosmetics.com\/rs\/2023\/11\/28\/derma-luxe-proizvodi-od-sada-dostupni-i-u-dm-online-prodavnicama\/","og_locale":"hr_HR","og_type":"article","og_title":"Derma-Luxe proizvodi od sada dostupni i u DM online prodavnicama! - Active Luxe Cosmetics","og_description":"Ponosno i s&#8217; rado\u0161\u0107u \u017eelimo da vas obavestimo da smo spremili sjajnu vest za vas. A to je da je na\u0161 kvalitet i efikasnost na\u0161ih...","og_url":"https:\/\/activeluxe-cosmetics.com\/rs\/2023\/11\/28\/derma-luxe-proizvodi-od-sada-dostupni-i-u-dm-online-prodavnicama\/","og_site_name":"Active Luxe Cosmetics","article_published_time":"2023-11-28T07:26:15+00:00","article_modified_time":"2024-05-15T13:26:00+00:00","og_image":[{"width":1680,"height":960,"url":"https:\/\/activeluxe-cosmetics.com\/rs\/wp-content\/uploads\/2023\/11\/trgovina-banner_1680x960_trepke-dm_rs-1.jpg","type":"image\/jpeg"}],"author":"Radmila","twitter_card":"summary_large_image","twitter_misc":{"Napisao\/la":"Radmila","Procijenjeno vrijeme \u010ditanja":"2 minute"},"schema":{"@context":"https:\/\/schema.org","@graph":[{"@type":"WebPage","@id":"https:\/\/activeluxe-cosmetics.com\/rs\/2023\/11\/28\/derma-luxe-proizvodi-od-sada-dostupni-i-u-dm-online-prodavnicama\/","url":"https:\/\/activeluxe-cosmetics.com\/rs\/2023\/11\/28\/derma-luxe-proizvodi-od-sada-dostupni-i-u-dm-online-prodavnicama\/","name":"Derma-Luxe proizvodi od sada dostupni i u DM online prodavnicama! - Active Luxe Cosmetics","isPartOf":{"@id":"https:\/\/activeluxe-cosmetics.com\/rs\/#website"},"primaryImageOfPage":{"@id":"https:\/\/activeluxe-cosmetics.com\/rs\/2023\/11\/28\/derma-luxe-proizvodi-od-sada-dostupni-i-u-dm-online-prodavnicama\/#primaryimage"},"image":{"@id":"https:\/\/activeluxe-cosmetics.com\/rs\/2023\/11\/28\/derma-luxe-proizvodi-od-sada-dostupni-i-u-dm-online-prodavnicama\/#primaryimage"},"thumbnailUrl":"https:\/\/activeluxe-cosmetics.com\/rs\/wp-content\/uploads\/2023\/11\/trgovina-banner_1680x960_trepke-dm_rs-1.jpg","datePublished":"2023-11-28T07:26:15+00:00","dateModified":"2024-05-15T13:26:00+00:00","author":{"@id":"https:\/\/activeluxe-cosmetics.com\/rs\/#\/schema\/person\/cfcdf8dcc01ef622e84044588216b10e"},"breadcrumb":{"@id":"https:\/\/activeluxe-cosmetics.com\/rs\/2023\/11\/28\/derma-luxe-proizvodi-od-sada-dostupni-i-u-dm-online-prodavnicama\/#breadcrumb"},"inLanguage":"hr","potentialAction":[{"@type":"ReadAction","target":["https:\/\/activeluxe-cosmetics.com\/rs\/2023\/11\/28\/derma-luxe-proizvodi-od-sada-dostupni-i-u-dm-online-prodavnicama\/"]}]},{"@type":"ImageObject","inLanguage":"hr","@id":"https:\/\/activeluxe-cosmetics.com\/rs\/2023\/11\/28\/derma-luxe-proizvodi-od-sada-dostupni-i-u-dm-online-prodavnicama\/#primaryimage","url":"https:\/\/activeluxe-cosmetics.com\/rs\/wp-content\/uploads\/2023\/11\/trgovina-banner_1680x960_trepke-dm_rs-1.jpg","contentUrl":"https:\/\/activeluxe-cosmetics.com\/rs\/wp-content\/uploads\/2023\/11\/trgovina-banner_1680x960_trepke-dm_rs-1.jpg","width":1680,"height":960},{"@type":"BreadcrumbList","@id":"https:\/\/activeluxe-cosmetics.com\/rs\/2023\/11\/28\/derma-luxe-proizvodi-od-sada-dostupni-i-u-dm-online-prodavnicama\/#breadcrumb","itemListElement":[{"@type":"ListItem","position":1,"name":"Naslovnica","item":"https:\/\/activeluxe-cosmetics.com\/rs\/"},{"@type":"ListItem","position":2,"name":"Derma-Luxe proizvodi od sada dostupni i u DM online prodavnicama!"}]},{"@type":"WebSite","@id":"https:\/\/activeluxe-cosmetics.com\/rs\/#website","url":"https:\/\/activeluxe-cosmetics.com\/rs\/","name":"Active Luxe Cosmetics","description":"","potentialAction":[{"@type":"SearchAction","target":{"@type":"EntryPoint","urlTemplate":"https:\/\/activeluxe-cosmetics.com\/rs\/?s={search_term_string}"},"query-input":{"@type":"PropertyValueSpecification","valueRequired":true,"valueName":"search_term_string"}}],"inLanguage":"hr"},{"@type":"Person","@id":"https:\/\/activeluxe-cosmetics.com\/rs\/#\/schema\/person\/cfcdf8dcc01ef622e84044588216b10e","name":"Radmila","image":{"@type":"ImageObject","inLanguage":"hr","@id":"https:\/\/activeluxe-cosmetics.com\/rs\/#\/schema\/person\/image\/","url":"https:\/\/secure.gravatar.com\/avatar\/175fec096ba678d3c5115ec19f34c117965ef04f286c9be82d1332a022df2617?s=96&d=mm&r=g","contentUrl":"https:\/\/secure.gravatar.com\/avatar\/175fec096ba678d3c5115ec19f34c117965ef04f286c9be82d1332a022df2617?s=96&d=mm&r=g","caption":"Radmila"},"url":"https:\/\/activeluxe-cosmetics.com\/rs\/author\/radmila\/"}]}},"_links":{"self":[{"href":"https:\/\/activeluxe-cosmetics.com\/rs\/wp-json\/wp\/v2\/posts\/17283","targetHints":{"allow":["GET"]}}],"collection":[{"href":"https:\/\/activeluxe-cosmetics.com\/rs\/wp-json\/wp\/v2\/posts"}],"about":[{"href":"https:\/\/activeluxe-cosmetics.com\/rs\/wp-json\/wp\/v2\/types\/post"}],"author":[{"embeddable":true,"href":"https:\/\/activeluxe-cosmetics.com\/rs\/wp-json\/wp\/v2\/users\/7"}],"replies":[{"embeddable":true,"href":"https:\/\/activeluxe-cosmetics.com\/rs\/wp-json\/wp\/v2\/comments?post=17283"}],"version-history":[{"count":3,"href":"https:\/\/activeluxe-cosmetics.com\/rs\/wp-json\/wp\/v2\/posts\/17283\/revisions"}],"predecessor-version":[{"id":82171,"href":"https:\/\/activeluxe-cosmetics.com\/rs\/wp-json\/wp\/v2\/posts\/17283\/revisions\/82171"}],"wp:featuredmedia":[{"embeddable":true,"href":"https:\/\/activeluxe-cosmetics.com\/rs\/wp-json\/wp\/v2\/media\/17327"}],"wp:attachment":[{"href":"https:\/\/activeluxe-cosmetics.com\/rs\/wp-json\/wp\/v2\/media?parent=17283"}],"wp:term":[{"taxonomy":"category","embeddable":true,"href":"https:\/\/activeluxe-cosmetics.com\/rs\/wp-json\/wp\/v2\/categories?post=17283"},{"taxonomy":"post_tag","embeddable":true,"href":"https:\/\/activeluxe-cosmetics.com\/rs\/wp-json\/wp\/v2\/tags?post=17283"}],"curies":[{"name":"wp","href":"https:\/\/api.w.org\/{rel}","templated":true}]}}